{"id":9398,"date":"2022-12-06T12:55:20","date_gmt":"2022-12-06T12:55:20","guid":{"rendered":"https:\/\/www.notijalapa.net\/noticias\/?p=9398"},"modified":"2022-12-06T13:10:08","modified_gmt":"2022-12-06T13:10:08","slug":"catorce-personas-fueron-capturadas-el-fin-de-semana","status":"publish","type":"post","link":"https:\/\/www.notijalapa.net\/noticias\/2022\/12\/06\/catorce-personas-fueron-capturadas-el-fin-de-semana\/","title":{"rendered":"Catorce personas fueron capturadas el fin de semana"},"content":{"rendered":"<p>Agentes de la polic\u00eda con el objetivo de proteger y servir a la poblaci\u00f3n jalapaneca, durante el pasado fin de semana, estuvieron realizando patrullajes en diferentes puntos del departamento de Jalapa, esto para evitar hechos il\u00edcitos, seg\u00fan lo dio a conocer Jos\u00e9 V\u00e1squez delegado de la oficina de comunicaci\u00f3n social de PNC.<\/p>\n<p><a href=\"https:\/\/www.notijalapa.net\/noticias\/2022\/12\/06\/proximo-ano-aperturaran-una-clinica-para-emergencias-renales\/\">MIRA: Pr\u00f3ximo a\u00f1o aperturaran una cl\u00ednica para emergencias renales<\/a><\/p>\n<p>Como resultado de los constantes operativos, est\u00e1n reportando la detenci\u00f3n de 14 personas por cometer diferentes faltas o delitos, as\u00ed mismo se logra el decomiso de tres motocicletas y dos veh\u00edculos que fueron trasladados al predio respectivo.<\/p>\n<p><iframe loading=\"lazy\" title=\"Catorce Personas Fueron Capturadas El Fin De Semana 1\" width=\"640\" height=\"360\" src=\"https:\/\/www.youtube.com\/embed\/ClYxWnqDWTE?feature=oembed\" frameborder=\"0\" allow=\"accelerometer; autoplay; clipboard-write; encrypted-media; gyroscope; picture-in-picture; web-share\" referrerpolicy=\"strict-origin-when-cross-origin\" allowfullscreen><\/iframe><\/p>\n<p>Dentro de las capturas resalta que Brandon Daniel Jer\u00f3nimo; de 19 a\u00f1os, fue capturado en el barrio San Francisco, Jalapa, luego que fuera retenido y entregado por un grupo de personas que lo acusan de ser el presunto responsable de haber despojado de su tel\u00e9fono celular a una menor de 16 a\u00f1os.<\/p>\n<p>Mientras que Wilder Alfonso Agust\u00edn L\u00f3pez; de 22 a\u00f1os y Edi Rolando N\u00e1jera Santiago; de 24 a\u00f1os, fueron capturados en el caser\u00edo El Terrero, del municipio de San Carlos Alzatate, Jalapa, quienes en un picop donde vend\u00edan pan, se les encontr\u00f3 dos bolsas con marihuana. Cabe mencionar que N\u00e1jera Santiago tiene orden de captura por haber cometido el delito de robo de terminal m\u00f3vil.<\/p>\n<p style=\"text-align: center;\"><iframe loading=\"lazy\" style=\"border: none; overflow: hidden;\" src=\"https:\/\/www.facebook.com\/plugins\/post.php?href=https%3A%2F%2Fwww.facebook.com%2Fpermalink.php%3Fstory_fbid%3Dpfbid0V1LuE6fAi5RR7mtPt9rYyBAtnLHCTaKkQEzqUeS4KFWcoRk4mpXbunchvaTyDsHpl%26id%3D100083158940816&amp;show_text=true&amp;width=500\" width=\"500\" height=\"793\" frameborder=\"0\" scrolling=\"no\" allowfullscreen=\"allowfullscreen\"><\/iframe><\/p>\n","protected":false},"excerpt":{"rendered":"<p>Agentes de la polic\u00eda con el objetivo de proteger y servir a la poblaci\u00f3n jalapaneca, durante el pasado fin de semana, estuvieron realizando patrullajes en diferentes puntos del departamento de Jalapa, esto para evitar hechos il\u00edcitos, seg\u00fan lo dio a conocer Jos\u00e9 V\u00e1squez delegado de la oficina de comunicaci\u00f3n social de PNC. MIRA: Pr\u00f3ximo a\u00f1o aperturaran una cl\u00ednica para emergencias renales Como resultado de los constantes operativos, est\u00e1n reportando la detenci\u00f3n de 14 personas por cometer diferentes faltas o delitos, as\u00ed mismo se logra el decomiso de tres motocicletas y&hellip;<\/p>\n","protected":false},"author":2,"featured_media":9399,"comment_status":"open","ping_status":"open","sticky":false,"template":"","format":"standard","meta":{"footnotes":""},"categories":[3],"tags":[2722,1586],"class_list":["post-9398","post","type-post","status-publish","format-standard","has-post-thumbnail","hentry","category-locales","tag-catorce-personas","tag-fueron-capturadas-el-fin-de-semana"],"gutentor_comment":0,"_links":{"self":[{"href":"https:\/\/www.notijalapa.net\/noticias\/wp-json\/wp\/v2\/posts\/9398","targetHints":{"allow":["GET"]}}],"collection":[{"href":"https:\/\/www.notijalapa.net\/noticias\/wp-json\/wp\/v2\/posts"}],"about":[{"href":"https:\/\/www.notijalapa.net\/noticias\/wp-json\/wp\/v2\/types\/post"}],"author":[{"embeddable":true,"href":"https:\/\/www.notijalapa.net\/noticias\/wp-json\/wp\/v2\/users\/2"}],"replies":[{"embeddable":true,"href":"https:\/\/www.notijalapa.net\/noticias\/wp-json\/wp\/v2\/comments?post=9398"}],"version-history":[{"count":2,"href":"https:\/\/www.notijalapa.net\/noticias\/wp-json\/wp\/v2\/posts\/9398\/revisions"}],"predecessor-version":[{"id":9421,"href":"https:\/\/www.notijalapa.net\/noticias\/wp-json\/wp\/v2\/posts\/9398\/revisions\/9421"}],"wp:featuredmedia":[{"embeddable":true,"href":"https:\/\/www.notijalapa.net\/noticias\/wp-json\/wp\/v2\/media\/9399"}],"wp:attachment":[{"href":"https:\/\/www.notijalapa.net\/noticias\/wp-json\/wp\/v2\/media?parent=9398"}],"wp:term":[{"taxonomy":"category","embeddable":true,"href":"https:\/\/www.notijalapa.net\/noticias\/wp-json\/wp\/v2\/categories?post=9398"},{"taxonomy":"post_tag","embeddable":true,"href":"https:\/\/www.notijalapa.net\/noticias\/wp-json\/wp\/v2\/tags?post=9398"}],"curies":[{"name":"wp","href":"https:\/\/api.w.org\/{rel}","templated":true}]}}