{"id":9338,"date":"2022-12-02T12:44:40","date_gmt":"2022-12-02T12:44:40","guid":{"rendered":"https:\/\/www.notijalapa.net\/noticias\/?p=9338"},"modified":"2022-12-02T12:59:51","modified_gmt":"2022-12-02T12:59:51","slug":"conmemoran-el-dia-del-vih","status":"publish","type":"post","link":"https:\/\/www.notijalapa.net\/noticias\/2022\/12\/02\/conmemoran-el-dia-del-vih\/","title":{"rendered":"Conmemoran el d\u00eda del VIH"},"content":{"rendered":"<p>Cada 01 de diciembre, se conmemora el d\u00eda contra la lucha del VIH, SIDA y apoyo a las personas que viven con esta enfermedad, adem\u00e1s se hace el llamado para que todas las personas lleguen a realizarse la prueba, seg\u00fan lo dio a conocer Juan Jos\u00e9 Ram\u00edrez vocero del Centro de Salud de Jalapa.<\/p>\n<p><a href=\"https:\/\/www.notijalapa.net\/noticias\/2022\/12\/02\/hacen-remodelaciones-en-el-hospital-nacional\/\">MIRA: Hacen remodelaciones en el hospital nacional<\/a><\/p>\n<p>En las afueras del centro de salud, tendr\u00e1n una mesa con trifoliares y un stand informativo para que las personas se entren como es esta enfermedad y como se puede transmitir a las personas.<\/p>\n<p><iframe loading=\"lazy\" title=\"Conmemoran El D\u00eda Del Vih 1\" width=\"640\" height=\"360\" src=\"https:\/\/www.youtube.com\/embed\/wFTwPl7V80A?feature=oembed\" frameborder=\"0\" allow=\"accelerometer; autoplay; clipboard-write; encrypted-media; gyroscope; picture-in-picture; web-share\" referrerpolicy=\"strict-origin-when-cross-origin\" allowfullscreen><\/iframe><\/p>\n<p>Hace la invitaci\u00f3n a todas aquellas personas que quieran hacerse la prueba, para que asistan al centro de salud, es totalmente gratis y los resultados de cada prueba es confidencial, recordando que al ser diagnosticado se evita que m\u00e1s personas se contagien y darles su tratamiento respectivo para que puedan sobrevivir con el virus.<\/p>\n<p style=\"text-align: center;\"><iframe loading=\"lazy\" style=\"border: none; overflow: hidden;\" src=\"https:\/\/www.facebook.com\/plugins\/post.php?href=https%3A%2F%2Fwww.facebook.com%2Fpermalink.php%3Fstory_fbid%3Dpfbid023uZzMuJd53iUdziXi34RJCWLEmHWaRvVD5oU2PMFqswVsVBGUjbqBwHRomnVd1i4l%26id%3D100083158940816&amp;show_text=true&amp;width=500\" width=\"500\" height=\"525\" frameborder=\"0\" scrolling=\"no\" allowfullscreen=\"allowfullscreen\"><\/iframe><\/p>\n","protected":false},"excerpt":{"rendered":"<p>Cada 01 de diciembre, se conmemora el d\u00eda contra la lucha del VIH, SIDA y apoyo a las personas que viven con esta enfermedad, adem\u00e1s se hace el llamado para que todas las personas lleguen a realizarse la prueba, seg\u00fan lo dio a conocer Juan Jos\u00e9 Ram\u00edrez vocero del Centro de Salud de Jalapa. MIRA: Hacen remodelaciones en el hospital nacional En las afueras del centro de salud, tendr\u00e1n una mesa con trifoliares y un stand informativo para que las personas se entren como es esta enfermedad y como se&hellip;<\/p>\n","protected":false},"author":2,"featured_media":9339,"comment_status":"open","ping_status":"open","sticky":false,"template":"","format":"standard","meta":{"footnotes":""},"categories":[3],"tags":[2699,2700],"class_list":["post-9338","post","type-post","status-publish","format-standard","has-post-thumbnail","hentry","category-locales","tag-conmemoran-el-dia","tag-del-vih"],"gutentor_comment":0,"_links":{"self":[{"href":"https:\/\/www.notijalapa.net\/noticias\/wp-json\/wp\/v2\/posts\/9338","targetHints":{"allow":["GET"]}}],"collection":[{"href":"https:\/\/www.notijalapa.net\/noticias\/wp-json\/wp\/v2\/posts"}],"about":[{"href":"https:\/\/www.notijalapa.net\/noticias\/wp-json\/wp\/v2\/types\/post"}],"author":[{"embeddable":true,"href":"https:\/\/www.notijalapa.net\/noticias\/wp-json\/wp\/v2\/users\/2"}],"replies":[{"embeddable":true,"href":"https:\/\/www.notijalapa.net\/noticias\/wp-json\/wp\/v2\/comments?post=9338"}],"version-history":[{"count":2,"href":"https:\/\/www.notijalapa.net\/noticias\/wp-json\/wp\/v2\/posts\/9338\/revisions"}],"predecessor-version":[{"id":9361,"href":"https:\/\/www.notijalapa.net\/noticias\/wp-json\/wp\/v2\/posts\/9338\/revisions\/9361"}],"wp:featuredmedia":[{"embeddable":true,"href":"https:\/\/www.notijalapa.net\/noticias\/wp-json\/wp\/v2\/media\/9339"}],"wp:attachment":[{"href":"https:\/\/www.notijalapa.net\/noticias\/wp-json\/wp\/v2\/media?parent=9338"}],"wp:term":[{"taxonomy":"category","embeddable":true,"href":"https:\/\/www.notijalapa.net\/noticias\/wp-json\/wp\/v2\/categories?post=9338"},{"taxonomy":"post_tag","embeddable":true,"href":"https:\/\/www.notijalapa.net\/noticias\/wp-json\/wp\/v2\/tags?post=9338"}],"curies":[{"name":"wp","href":"https:\/\/api.w.org\/{rel}","templated":true}]}}