{"id":8862,"date":"2022-11-10T13:14:41","date_gmt":"2022-11-10T13:14:41","guid":{"rendered":"https:\/\/www.notijalapa.net\/noticias\/?p=8862"},"modified":"2022-11-10T13:31:03","modified_gmt":"2022-11-10T13:31:03","slug":"buscan-conocer-las-problematicas-de-la-energia-electrica-en-toda-la-region-iv","status":"publish","type":"post","link":"https:\/\/www.notijalapa.net\/noticias\/2022\/11\/10\/buscan-conocer-las-problematicas-de-la-energia-electrica-en-toda-la-region-iv\/","title":{"rendered":"Buscan conocer las problem\u00e1ticas de la energ\u00eda el\u00e9ctrica en toda la regi\u00f3n IV"},"content":{"rendered":"<p>Han estado realizando una serie de seminarios en todas las regiones, esto en relaci\u00f3n a en energ\u00eda el\u00e9ctrica y conflictividad social, este seminario tiene como fin identificar de manera territorial los conflictos derivados de la energ\u00eda el\u00e9ctrica y la intenci\u00f3n es poner en dialogo a los delegados de las diferentes institucionales y las empresas que est\u00e1n vinculados en el tema de la generaci\u00f3n, transporte, distribuci\u00f3n y cobro de la energ\u00eda el\u00e9ctrica, seg\u00fan lo dio a conocer Licda. M\u00f3nica Mendiz\u00e1bal jefa del departamento de estudios de conflictividad de COPADEH.<\/p>\n<p><a href=\"https:\/\/www.notijalapa.net\/noticias\/2022\/11\/10\/han-promovido-que-todo-conflicto-se-solucione-con-dialogos\/\">MIRA: Han promovido que todo conflicto se solucione con di\u00e1logos<\/a><\/p>\n<p>En este seminario, estuvieron presentes las autoridades regionales, as\u00ed mismo alcaldes y autoridades locales. Con esto buscan conocer el contexto de las problem\u00e1ticas de energ\u00eda el\u00e9ctrica en los departamentos de la regi\u00f3n y con ello encontrar las rutas de abordaje y buscar las soluciones a estas problem\u00e1ticas.<\/p>\n<p><iframe loading=\"lazy\" title=\"Buscan Conocer Las Problem\u00e1ticas De La Energ\u00eda El\u00e9ctrica En Toda La Regi\u00f3n Iv 1\" width=\"640\" height=\"360\" src=\"https:\/\/www.youtube.com\/embed\/Tq_jUjccMcA?feature=oembed\" frameborder=\"0\" allow=\"accelerometer; autoplay; clipboard-write; encrypted-media; gyroscope; picture-in-picture; web-share\" referrerpolicy=\"strict-origin-when-cross-origin\" allowfullscreen><\/iframe><\/p>\n<p>Por su parte Byron Moreira encargado de la sede regional de COPADHE en Jalapa manifest\u00f3, la problem\u00e1tica de la energ\u00eda el\u00e9ctrica en el departamento de Jalapa es com\u00fan en los siete municipios, la mayor parte es sobre la taza de cobro del alumbrado p\u00fablico, sobre la mala calidad de la energ\u00eda el\u00e9ctrica, cobros excesivos y conexiones ilegales.<\/p>\n<p>A trav\u00e9s de este tipo de seminarios se busca que las empresas que distribuyen la energ\u00eda el\u00e9ctrica logren hacer un cambio de l\u00edneas de distribuci\u00f3n de energ\u00eda y con ellos evitar m\u00e1s problem\u00e1ticas al respecto.<\/p>\n<p style=\"text-align: center;\"><iframe loading=\"lazy\" style=\"border: none; overflow: hidden;\" src=\"https:\/\/www.facebook.com\/plugins\/post.php?href=https%3A%2F%2Fwww.facebook.com%2Fpermalink.php%3Fstory_fbid%3Dpfbid03RVSqDgnZkHsKwJZF7WgyoGsLgVmBfjjwVoUcVrmnyq9qQJR8TFPypBUguNNzrcKl%26id%3D100083158940816&amp;show_text=true&amp;width=500\" width=\"500\" height=\"813\" frameborder=\"0\" scrolling=\"no\" allowfullscreen=\"allowfullscreen\"><\/iframe><\/p>\n","protected":false},"excerpt":{"rendered":"<p>Han estado realizando una serie de seminarios en todas las regiones, esto en relaci\u00f3n a en energ\u00eda el\u00e9ctrica y conflictividad social, este seminario tiene como fin identificar de manera territorial los conflictos derivados de la energ\u00eda el\u00e9ctrica y la intenci\u00f3n es poner en dialogo a los delegados de las diferentes institucionales y las empresas que est\u00e1n vinculados en el tema de la generaci\u00f3n, transporte, distribuci\u00f3n y cobro de la energ\u00eda el\u00e9ctrica, seg\u00fan lo dio a conocer Licda. M\u00f3nica Mendiz\u00e1bal jefa del departamento de estudios de conflictividad de COPADEH. MIRA: Han&hellip;<\/p>\n","protected":false},"author":2,"featured_media":8854,"comment_status":"open","ping_status":"open","sticky":false,"template":"","format":"standard","meta":{"footnotes":""},"categories":[3],"tags":[2534,2535],"class_list":["post-8862","post","type-post","status-publish","format-standard","has-post-thumbnail","hentry","category-locales","tag-buscan-conocer-las-problematicas","tag-de-la-energia-electrica"],"gutentor_comment":0,"_links":{"self":[{"href":"https:\/\/www.notijalapa.net\/noticias\/wp-json\/wp\/v2\/posts\/8862","targetHints":{"allow":["GET"]}}],"collection":[{"href":"https:\/\/www.notijalapa.net\/noticias\/wp-json\/wp\/v2\/posts"}],"about":[{"href":"https:\/\/www.notijalapa.net\/noticias\/wp-json\/wp\/v2\/types\/post"}],"author":[{"embeddable":true,"href":"https:\/\/www.notijalapa.net\/noticias\/wp-json\/wp\/v2\/users\/2"}],"replies":[{"embeddable":true,"href":"https:\/\/www.notijalapa.net\/noticias\/wp-json\/wp\/v2\/comments?post=8862"}],"version-history":[{"count":2,"href":"https:\/\/www.notijalapa.net\/noticias\/wp-json\/wp\/v2\/posts\/8862\/revisions"}],"predecessor-version":[{"id":8868,"href":"https:\/\/www.notijalapa.net\/noticias\/wp-json\/wp\/v2\/posts\/8862\/revisions\/8868"}],"wp:featuredmedia":[{"embeddable":true,"href":"https:\/\/www.notijalapa.net\/noticias\/wp-json\/wp\/v2\/media\/8854"}],"wp:attachment":[{"href":"https:\/\/www.notijalapa.net\/noticias\/wp-json\/wp\/v2\/media?parent=8862"}],"wp:term":[{"taxonomy":"category","embeddable":true,"href":"https:\/\/www.notijalapa.net\/noticias\/wp-json\/wp\/v2\/categories?post=8862"},{"taxonomy":"post_tag","embeddable":true,"href":"https:\/\/www.notijalapa.net\/noticias\/wp-json\/wp\/v2\/tags?post=8862"}],"curies":[{"name":"wp","href":"https:\/\/api.w.org\/{rel}","templated":true}]}}