{"id":8860,"date":"2022-11-10T13:14:08","date_gmt":"2022-11-10T13:14:08","guid":{"rendered":"https:\/\/www.notijalapa.net\/noticias\/?p=8860"},"modified":"2022-11-10T13:32:02","modified_gmt":"2022-11-10T13:32:02","slug":"buscan-trabajar-interinstitucionalmente-para-disminuir-los-incendios-forestales","status":"publish","type":"post","link":"https:\/\/www.notijalapa.net\/noticias\/2022\/11\/10\/buscan-trabajar-interinstitucionalmente-para-disminuir-los-incendios-forestales\/","title":{"rendered":"Buscan trabajar interinstitucionalmente para disminuir los incendios forestales"},"content":{"rendered":"<p>Para esta temporada de incendios forestales se deben de integrar y trabajar en conjunto con los delegados de las instituciones, debemos de entender el problema, entender sus causas y con ello abordarlas de la mejor forma, esto en cuanto al trabajo interinstitucional, seg\u00fan lo dio a conocer Alfredo D\u00edaz Wait director de Gesti\u00f3n Integral de Reducci\u00f3n de Riesgos y Desastres de la CONRED.<\/p>\n<p><a href=\"https:\/\/www.notijalapa.net\/noticias\/2022\/11\/10\/presentan-la-planificacion-estrategica-asociada-a-la-gestion-de-riesgo\/\">MIRA: Presentan la planificaci\u00f3n estrat\u00e9gica asociada a la gesti\u00f3n de riesgo<\/a><\/p>\n<p>Este a\u00f1o, le estar\u00e1n apostando a trabajar interinstitucionalmente, ver como est\u00e1n los equipos, ampliar m\u00e1s los conocimientos, esto con el \u00fanico objetivo de ir disminuyendo las cifras de incendios forestales, porque esto cada vez perjudica m\u00e1s al medio ambiente.<\/p>\n<p><iframe loading=\"lazy\" title=\"Buscan Trabajar Interinstitucionalmente Para Disminuir Los Incendios Forestales 1\" width=\"640\" height=\"360\" src=\"https:\/\/www.youtube.com\/embed\/C4EOwThkCos?feature=oembed\" frameborder=\"0\" allow=\"accelerometer; autoplay; clipboard-write; encrypted-media; gyroscope; picture-in-picture; web-share\" referrerpolicy=\"strict-origin-when-cross-origin\" allowfullscreen><\/iframe><\/p>\n<p>As\u00ed mismo estar\u00e1n buscando la manera de capacitar a los agricultores, esto porque muchas veces cuando se hacen las famosas rozas para las siembras, estas se salen de control y es all\u00ed donde se genera un incendio forestal, por ello es importante que tambi\u00e9n los alcaldes se sumen a este proyecto para trabajar en conjunto y con ello disminuir los incendios forestales.<\/p>\n<p style=\"text-align: center;\"><iframe loading=\"lazy\" style=\"border: none; overflow: hidden;\" src=\"https:\/\/www.facebook.com\/plugins\/post.php?href=https%3A%2F%2Fwww.facebook.com%2Fpermalink.php%3Fstory_fbid%3Dpfbid02vyzQhehEgKxRMrgdcWand5BC5F5wBFEgZBKGhD9NSTjC7Sn9U1cSmbUs75Wt2q7Yl%26id%3D100083158940816&amp;show_text=true&amp;width=500\" width=\"500\" height=\"525\" frameborder=\"0\" scrolling=\"no\" allowfullscreen=\"allowfullscreen\"><\/iframe><\/p>\n","protected":false},"excerpt":{"rendered":"<p>Para esta temporada de incendios forestales se deben de integrar y trabajar en conjunto con los delegados de las instituciones, debemos de entender el problema, entender sus causas y con ello abordarlas de la mejor forma, esto en cuanto al trabajo interinstitucional, seg\u00fan lo dio a conocer Alfredo D\u00edaz Wait director de Gesti\u00f3n Integral de Reducci\u00f3n de Riesgos y Desastres de la CONRED. MIRA: Presentan la planificaci\u00f3n estrat\u00e9gica asociada a la gesti\u00f3n de riesgo Este a\u00f1o, le estar\u00e1n apostando a trabajar interinstitucionalmente, ver como est\u00e1n los equipos, ampliar m\u00e1s los&hellip;<\/p>\n","protected":false},"author":2,"featured_media":8851,"comment_status":"open","ping_status":"open","sticky":false,"template":"","format":"standard","meta":{"footnotes":""},"categories":[3],"tags":[2532,2533],"class_list":["post-8860","post","type-post","status-publish","format-standard","has-post-thumbnail","hentry","category-locales","tag-buscan-trabajar-interinstitucionalmente","tag-disminuir-los-incendios-forestales"],"gutentor_comment":0,"_links":{"self":[{"href":"https:\/\/www.notijalapa.net\/noticias\/wp-json\/wp\/v2\/posts\/8860","targetHints":{"allow":["GET"]}}],"collection":[{"href":"https:\/\/www.notijalapa.net\/noticias\/wp-json\/wp\/v2\/posts"}],"about":[{"href":"https:\/\/www.notijalapa.net\/noticias\/wp-json\/wp\/v2\/types\/post"}],"author":[{"embeddable":true,"href":"https:\/\/www.notijalapa.net\/noticias\/wp-json\/wp\/v2\/users\/2"}],"replies":[{"embeddable":true,"href":"https:\/\/www.notijalapa.net\/noticias\/wp-json\/wp\/v2\/comments?post=8860"}],"version-history":[{"count":2,"href":"https:\/\/www.notijalapa.net\/noticias\/wp-json\/wp\/v2\/posts\/8860\/revisions"}],"predecessor-version":[{"id":8869,"href":"https:\/\/www.notijalapa.net\/noticias\/wp-json\/wp\/v2\/posts\/8860\/revisions\/8869"}],"wp:featuredmedia":[{"embeddable":true,"href":"https:\/\/www.notijalapa.net\/noticias\/wp-json\/wp\/v2\/media\/8851"}],"wp:attachment":[{"href":"https:\/\/www.notijalapa.net\/noticias\/wp-json\/wp\/v2\/media?parent=8860"}],"wp:term":[{"taxonomy":"category","embeddable":true,"href":"https:\/\/www.notijalapa.net\/noticias\/wp-json\/wp\/v2\/categories?post=8860"},{"taxonomy":"post_tag","embeddable":true,"href":"https:\/\/www.notijalapa.net\/noticias\/wp-json\/wp\/v2\/tags?post=8860"}],"curies":[{"name":"wp","href":"https:\/\/api.w.org\/{rel}","templated":true}]}}