{"id":8433,"date":"2022-10-18T12:42:30","date_gmt":"2022-10-18T12:42:30","guid":{"rendered":"https:\/\/www.notijalapa.net\/noticias\/?p=8433"},"modified":"2022-10-18T12:52:15","modified_gmt":"2022-10-18T12:52:15","slug":"el-fin-de-semana-motoristas-colisiona-entre-si-y-una-de-las-motocicletas-se-prende-en-llamas","status":"publish","type":"post","link":"https:\/\/www.notijalapa.net\/noticias\/2022\/10\/18\/el-fin-de-semana-motoristas-colisiona-entre-si-y-una-de-las-motocicletas-se-prende-en-llamas\/","title":{"rendered":"El fin de semana motoristas colisiona entre s\u00ed y una de las motocicletas se prende en llamas"},"content":{"rendered":"<p>El pasado fin de semana, se dio un accidente de tr\u00e1nsito bastante lamentable e inusual, en donde dos motocicletas colisionaron entre s\u00ed y una de ellas se prende en llamas instant\u00e1neamente, seg\u00fan lo dio a conocer Jaime Parras Galonista de Bomberos Voluntarios.<\/p>\n<p><a href=\"https:\/\/www.notijalapa.net\/noticias\/2022\/10\/18\/diez-personas-fueron-a-parar-a-prision-el-fin-de-semana\/\">MIRA: Diez personas fueron a parar a prisi\u00f3n el fin de semana<\/a><\/p>\n<p>Ellos como socorristas fueron requeridos en dicho accidente en la 2da, avenida y 2da. Calle de la zona 1 de Jalapa, en donde atendieron a tres pacientes quienes fueron identificados como Miguel \u00c1ngel Arana; de 25 a\u00f1os, Ilsi Paola Escobar; de 27, y Jorge Luis Hern\u00e1ndez; de 36, estas personas presentaban posible trauma de cr\u00e1neo, golpes y laceraciones en diferentes partes del cuerpo, as\u00ed como posibles fracturas.<\/p>\n<p><iframe loading=\"lazy\" title=\"El Fin De Semana Motoristas Colisiona Entre S\u00ed Y Una De Las Motocicletas Se Prende En Llamas 1\" width=\"640\" height=\"360\" src=\"https:\/\/www.youtube.com\/embed\/aCiVeOhAHqk?feature=oembed\" frameborder=\"0\" allow=\"accelerometer; autoplay; clipboard-write; encrypted-media; gyroscope; picture-in-picture; web-share\" referrerpolicy=\"strict-origin-when-cross-origin\" allowfullscreen><\/iframe><\/p>\n<p>Para dicho accidente fue necesario destacar dos unidades tipo ambulancia y la unidad contra incendios, esto para que les brindaran los primeros auxilios a estas personas y para sofocar el fuego en una de las motocicletas.<\/p>\n<p>Recomida a las personas que conducen cualquier tipo de veh\u00edculo para que, respeten los l\u00edmites de velocidad y las se\u00f1ales de tr\u00e1nsito, esto para evitar accidentes tr\u00e1gicos como este ocurri\u00f3 el pasado fin de semana.<\/p>\n<p style=\"text-align: center;\"><iframe loading=\"lazy\" style=\"border: none; overflow: hidden;\" src=\"https:\/\/www.facebook.com\/plugins\/post.php?href=https%3A%2F%2Fwww.facebook.com%2Fpermalink.php%3Fstory_fbid%3Dpfbid02Zxknan1BLF6bVS4C4BTNW6BThhADmcxAEpW1VihBQoKnXdidTKUvhHvWvQvvgMKcl%26id%3D100083158940816&amp;show_text=true&amp;width=500\" width=\"500\" height=\"652\" frameborder=\"0\" scrolling=\"no\" allowfullscreen=\"allowfullscreen\"><\/iframe><\/p>\n","protected":false},"excerpt":{"rendered":"<p>El pasado fin de semana, se dio un accidente de tr\u00e1nsito bastante lamentable e inusual, en donde dos motocicletas colisionaron entre s\u00ed y una de ellas se prende en llamas instant\u00e1neamente, seg\u00fan lo dio a conocer Jaime Parras Galonista de Bomberos Voluntarios. MIRA: Diez personas fueron a parar a prisi\u00f3n el fin de semana Ellos como socorristas fueron requeridos en dicho accidente en la 2da, avenida y 2da. Calle de la zona 1 de Jalapa, en donde atendieron a tres pacientes quienes fueron identificados como Miguel \u00c1ngel Arana; de 25&hellip;<\/p>\n","protected":false},"author":2,"featured_media":8421,"comment_status":"open","ping_status":"open","sticky":false,"template":"","format":"standard","meta":{"footnotes":""},"categories":[3],"tags":[2391,2392],"class_list":["post-8433","post","type-post","status-publish","format-standard","has-post-thumbnail","hentry","category-locales","tag-motoristas-colisiona-entre-si","tag-una-de-las-motocicletas-se-prende-en-llamas"],"gutentor_comment":0,"_links":{"self":[{"href":"https:\/\/www.notijalapa.net\/noticias\/wp-json\/wp\/v2\/posts\/8433","targetHints":{"allow":["GET"]}}],"collection":[{"href":"https:\/\/www.notijalapa.net\/noticias\/wp-json\/wp\/v2\/posts"}],"about":[{"href":"https:\/\/www.notijalapa.net\/noticias\/wp-json\/wp\/v2\/types\/post"}],"author":[{"embeddable":true,"href":"https:\/\/www.notijalapa.net\/noticias\/wp-json\/wp\/v2\/users\/2"}],"replies":[{"embeddable":true,"href":"https:\/\/www.notijalapa.net\/noticias\/wp-json\/wp\/v2\/comments?post=8433"}],"version-history":[{"count":3,"href":"https:\/\/www.notijalapa.net\/noticias\/wp-json\/wp\/v2\/posts\/8433\/revisions"}],"predecessor-version":[{"id":8436,"href":"https:\/\/www.notijalapa.net\/noticias\/wp-json\/wp\/v2\/posts\/8433\/revisions\/8436"}],"wp:featuredmedia":[{"embeddable":true,"href":"https:\/\/www.notijalapa.net\/noticias\/wp-json\/wp\/v2\/media\/8421"}],"wp:attachment":[{"href":"https:\/\/www.notijalapa.net\/noticias\/wp-json\/wp\/v2\/media?parent=8433"}],"wp:term":[{"taxonomy":"category","embeddable":true,"href":"https:\/\/www.notijalapa.net\/noticias\/wp-json\/wp\/v2\/categories?post=8433"},{"taxonomy":"post_tag","embeddable":true,"href":"https:\/\/www.notijalapa.net\/noticias\/wp-json\/wp\/v2\/tags?post=8433"}],"curies":[{"name":"wp","href":"https:\/\/api.w.org\/{rel}","templated":true}]}}