{"id":8117,"date":"2022-10-01T12:28:12","date_gmt":"2022-10-01T12:28:12","guid":{"rendered":"https:\/\/www.notijalapa.net\/noticias\/?p=8117"},"modified":"2022-10-01T12:38:25","modified_gmt":"2022-10-01T12:38:25","slug":"iniciaran-con-la-eleccion-de-representantes-de-sociedad-civil-ante-el-codede","status":"publish","type":"post","link":"https:\/\/www.notijalapa.net\/noticias\/2022\/10\/01\/iniciaran-con-la-eleccion-de-representantes-de-sociedad-civil-ante-el-codede\/","title":{"rendered":"Iniciaran con la elecci\u00f3n de representantes de sociedad civil ante el CODEDE"},"content":{"rendered":"<p>Este 04 de octubre, se iniciar\u00e1 con el proceso de la elecci\u00f3n de los nuevos miembros o la reelecci\u00f3n de la sociedad civil ante los consejos departamentales de desarrollo, seg\u00fan lo dio a conocer Jairo Rodr\u00edguez delegado de SEGEPLAN.<\/p>\n<p><a href=\"https:\/\/www.notijalapa.net\/noticias\/2022\/10\/01\/buscan-ayudar-a-jovenes-para-evitar-los-suicidios\/\">MIRA: Buscan ayudar a j\u00f3venes para evitar los suicidios<\/a><\/p>\n<p>En alg\u00fan momento personas del \u00e1rea rural tienen la inquietud de como ingresar a sociedad civil y como participar, sobre este tipo de elecciones hay mucho desconocimiento de las personas, porque dicen que los eligen a dedo o por autocracia.<\/p>\n<p><iframe loading=\"lazy\" title=\"Iniciaran Con La Elecci\u00f3n De Representantes De Sociedad Civil Ante El Codede 1\" width=\"640\" height=\"360\" src=\"https:\/\/www.youtube.com\/embed\/Yfn-Q4BaMCc?feature=oembed\" frameborder=\"0\" allow=\"accelerometer; autoplay; clipboard-write; encrypted-media; gyroscope; picture-in-picture; web-share\" referrerpolicy=\"strict-origin-when-cross-origin\" allowfullscreen><\/iframe><\/p>\n<p>Cabe mencionar que la elecci\u00f3n de los representantes de sociedad civil ante el CODEDE, son entes que est\u00e1n organizados, como las organizaciones de mujeres, sindicatos, universidades, entre otros.<\/p>\n<p>Cabe mencionar que cada una de las organizaciones son las que proponen a los representes tanto el titular como el suplente, posteriormente hacen la votaci\u00f3n para ver si todas las personas que integran la organizaci\u00f3n est\u00e1n de acuerdo para elegir a sus representantes.<\/p>\n<p style=\"text-align: center;\"><iframe loading=\"lazy\" style=\"border: none; overflow: hidden;\" src=\"https:\/\/www.facebook.com\/plugins\/post.php?href=https%3A%2F%2Fwww.facebook.com%2Fpermalink.php%3Fstory_fbid%3Dpfbid08vadKx7umFLcdSn9UxiBLZKctEVTVbn5oU6rgNMZJ47z2rGDJbft124YBk69MirHl%26id%3D100083158940816&amp;show_text=true&amp;width=500\" width=\"500\" height=\"506\" frameborder=\"0\" scrolling=\"no\" allowfullscreen=\"allowfullscreen\"><\/iframe><\/p>\n","protected":false},"excerpt":{"rendered":"<p>Este 04 de octubre, se iniciar\u00e1 con el proceso de la elecci\u00f3n de los nuevos miembros o la reelecci\u00f3n de la sociedad civil ante los consejos departamentales de desarrollo, seg\u00fan lo dio a conocer Jairo Rodr\u00edguez delegado de SEGEPLAN. MIRA: Buscan ayudar a j\u00f3venes para evitar los suicidios En alg\u00fan momento personas del \u00e1rea rural tienen la inquietud de como ingresar a sociedad civil y como participar, sobre este tipo de elecciones hay mucho desconocimiento de las personas, porque dicen que los eligen a dedo o por autocracia. Cabe mencionar&hellip;<\/p>\n","protected":false},"author":2,"featured_media":8107,"comment_status":"open","ping_status":"open","sticky":false,"template":"","format":"standard","meta":{"footnotes":""},"categories":[3],"tags":[2277,2278],"class_list":["post-8117","post","type-post","status-publish","format-standard","has-post-thumbnail","hentry","category-locales","tag-iniciaran-con-la-eleccion","tag-representantes-de-sociedad-civil"],"gutentor_comment":0,"_links":{"self":[{"href":"https:\/\/www.notijalapa.net\/noticias\/wp-json\/wp\/v2\/posts\/8117","targetHints":{"allow":["GET"]}}],"collection":[{"href":"https:\/\/www.notijalapa.net\/noticias\/wp-json\/wp\/v2\/posts"}],"about":[{"href":"https:\/\/www.notijalapa.net\/noticias\/wp-json\/wp\/v2\/types\/post"}],"author":[{"embeddable":true,"href":"https:\/\/www.notijalapa.net\/noticias\/wp-json\/wp\/v2\/users\/2"}],"replies":[{"embeddable":true,"href":"https:\/\/www.notijalapa.net\/noticias\/wp-json\/wp\/v2\/comments?post=8117"}],"version-history":[{"count":2,"href":"https:\/\/www.notijalapa.net\/noticias\/wp-json\/wp\/v2\/posts\/8117\/revisions"}],"predecessor-version":[{"id":8126,"href":"https:\/\/www.notijalapa.net\/noticias\/wp-json\/wp\/v2\/posts\/8117\/revisions\/8126"}],"wp:featuredmedia":[{"embeddable":true,"href":"https:\/\/www.notijalapa.net\/noticias\/wp-json\/wp\/v2\/media\/8107"}],"wp:attachment":[{"href":"https:\/\/www.notijalapa.net\/noticias\/wp-json\/wp\/v2\/media?parent=8117"}],"wp:term":[{"taxonomy":"category","embeddable":true,"href":"https:\/\/www.notijalapa.net\/noticias\/wp-json\/wp\/v2\/categories?post=8117"},{"taxonomy":"post_tag","embeddable":true,"href":"https:\/\/www.notijalapa.net\/noticias\/wp-json\/wp\/v2\/tags?post=8117"}],"curies":[{"name":"wp","href":"https:\/\/api.w.org\/{rel}","templated":true}]}}