{"id":8115,"date":"2022-10-01T12:27:40","date_gmt":"2022-10-01T12:27:40","guid":{"rendered":"https:\/\/www.notijalapa.net\/noticias\/?p=8115"},"modified":"2022-10-01T12:39:24","modified_gmt":"2022-10-01T12:39:24","slug":"buscan-ayudar-a-jovenes-para-evitar-los-suicidios","status":"publish","type":"post","link":"https:\/\/www.notijalapa.net\/noticias\/2022\/10\/01\/buscan-ayudar-a-jovenes-para-evitar-los-suicidios\/","title":{"rendered":"Buscan ayudar a j\u00f3venes para evitar los suicidios"},"content":{"rendered":"<p>Con las redes juveniles que cuenta el Colectivo Joven, hacen un enfoque en la prevenci\u00f3n de suicidios, esto debido a que en este a\u00f1o se ha visto un incremento de suicidios en el departamento de Jalapa, seg\u00fan lo dio a conocer Luis Garc\u00eda encargado de programas de COPIJ.<\/p>\n<p><a href=\"https:\/\/www.notijalapa.net\/noticias\/2022\/10\/01\/iniciaran-con-la-eleccion-de-representantes-de-sociedad-civil-ante-el-codede\/\">MIRA: Iniciaran con la elecci\u00f3n de representantes de sociedad civil ante el CODEDE<\/a><\/p>\n<p>Ellos han creado espacios para que los j\u00f3venes se expresen y den a conocer sus sentimientos, emociones, como ellos se sienten y as\u00ed ver c\u00f3mo pueden apoyar a estos j\u00f3venes. Est\u00e1n tratando de tener una buena relaci\u00f3n con ellos, porque estos espacios en muchos lugares son muy carentes donde los j\u00f3venes se logren expresar.<\/p>\n<p><iframe loading=\"lazy\" title=\"Buscan Ayudar A J\u00f3venes Para Evitar Los Suicidios 1\" width=\"640\" height=\"360\" src=\"https:\/\/www.youtube.com\/embed\/MDNuWu5WVUg?feature=oembed\" frameborder=\"0\" allow=\"accelerometer; autoplay; clipboard-write; encrypted-media; gyroscope; picture-in-picture; web-share\" referrerpolicy=\"strict-origin-when-cross-origin\" allowfullscreen><\/iframe><\/p>\n<p>Ellos cuentan con profesionales en la psicolog\u00eda, quienes est\u00e1n anuentes en apoyar a los j\u00f3venes que est\u00e1n pasando por problemas de depresi\u00f3n y no saben a d\u00f3nde acudir, por lo tanto, hace un llamado para que todos aquellos j\u00f3venes que tienen problemas se acerquen al colectivo para que les brinden atenci\u00f3n profesional.<\/p>\n<p style=\"text-align: center;\"><iframe loading=\"lazy\" style=\"border: none; overflow: hidden;\" src=\"https:\/\/www.facebook.com\/plugins\/post.php?href=https%3A%2F%2Fwww.facebook.com%2Fpermalink.php%3Fstory_fbid%3Dpfbid0omoZMPp1tFP7qQB6ozzJndSyHQXNy1aCL9igkN8d9GGwzbMCz32MUy27P6uQ1dRZl%26id%3D100083158940816&amp;show_text=true&amp;width=500\" width=\"500\" height=\"506\" frameborder=\"0\" scrolling=\"no\" allowfullscreen=\"allowfullscreen\"><\/iframe><\/p>\n","protected":false},"excerpt":{"rendered":"<p>Con las redes juveniles que cuenta el Colectivo Joven, hacen un enfoque en la prevenci\u00f3n de suicidios, esto debido a que en este a\u00f1o se ha visto un incremento de suicidios en el departamento de Jalapa, seg\u00fan lo dio a conocer Luis Garc\u00eda encargado de programas de COPIJ. MIRA: Iniciaran con la elecci\u00f3n de representantes de sociedad civil ante el CODEDE Ellos han creado espacios para que los j\u00f3venes se expresen y den a conocer sus sentimientos, emociones, como ellos se sienten y as\u00ed ver c\u00f3mo pueden apoyar a estos&hellip;<\/p>\n","protected":false},"author":2,"featured_media":8109,"comment_status":"open","ping_status":"open","sticky":false,"template":"","format":"standard","meta":{"footnotes":""},"categories":[3],"tags":[2275,2276],"class_list":["post-8115","post","type-post","status-publish","format-standard","has-post-thumbnail","hentry","category-locales","tag-buscan-ayudar-a-jovenes","tag-para-evitar-los-suicidios"],"gutentor_comment":0,"_links":{"self":[{"href":"https:\/\/www.notijalapa.net\/noticias\/wp-json\/wp\/v2\/posts\/8115","targetHints":{"allow":["GET"]}}],"collection":[{"href":"https:\/\/www.notijalapa.net\/noticias\/wp-json\/wp\/v2\/posts"}],"about":[{"href":"https:\/\/www.notijalapa.net\/noticias\/wp-json\/wp\/v2\/types\/post"}],"author":[{"embeddable":true,"href":"https:\/\/www.notijalapa.net\/noticias\/wp-json\/wp\/v2\/users\/2"}],"replies":[{"embeddable":true,"href":"https:\/\/www.notijalapa.net\/noticias\/wp-json\/wp\/v2\/comments?post=8115"}],"version-history":[{"count":2,"href":"https:\/\/www.notijalapa.net\/noticias\/wp-json\/wp\/v2\/posts\/8115\/revisions"}],"predecessor-version":[{"id":8127,"href":"https:\/\/www.notijalapa.net\/noticias\/wp-json\/wp\/v2\/posts\/8115\/revisions\/8127"}],"wp:featuredmedia":[{"embeddable":true,"href":"https:\/\/www.notijalapa.net\/noticias\/wp-json\/wp\/v2\/media\/8109"}],"wp:attachment":[{"href":"https:\/\/www.notijalapa.net\/noticias\/wp-json\/wp\/v2\/media?parent=8115"}],"wp:term":[{"taxonomy":"category","embeddable":true,"href":"https:\/\/www.notijalapa.net\/noticias\/wp-json\/wp\/v2\/categories?post=8115"},{"taxonomy":"post_tag","embeddable":true,"href":"https:\/\/www.notijalapa.net\/noticias\/wp-json\/wp\/v2\/tags?post=8115"}],"curies":[{"name":"wp","href":"https:\/\/api.w.org\/{rel}","templated":true}]}}