{"id":779,"date":"2021-10-09T16:41:45","date_gmt":"2021-10-09T16:41:45","guid":{"rendered":"http:\/\/localhost\/notijalapa\/?p=779"},"modified":"2021-10-19T22:31:28","modified_gmt":"2021-10-19T22:31:28","slug":"carta-abierta","status":"publish","type":"post","link":"https:\/\/www.notijalapa.net\/noticias\/2021\/10\/09\/carta-abierta\/","title":{"rendered":"Carta Abierta"},"content":{"rendered":"<p>Estimado Edgar.<br \/>\nDurante m\u00e1s de dos a\u00f1os me has dado la oportunidad de escribir mi columna semanal \u201cLA TRINCHERA\u201d en tu prestigiosa p\u00e1gina, dos a\u00f1os, en los que he podido expresarme libremente, sin censura, aprovechando dicho espacio he intentado entretener a los lectores y que conozcan un poco sobre m\u00ed, he tomado la decisi\u00f3n de terminar esta primera temporada, tal como la empec\u00e9, feliz, entusiasmado y agradecido con tu medio de comunicaci\u00f3n.<br \/>\nNos une una mistad de a\u00f1os, proyectos juntos y de buenos momentos, ha llegado el momento de cerrar este primer ciclo, no puedo decir que no regresar\u00e9 m\u00e1s adelante si me lo permit\u00eds, por ahora me embarco en otra aventura. Invit\u00e1ndote a vos y a tus distinguidos lectores a para que me acompa\u00f1en todos los mi\u00e9rcoles de diciembre con mi nuevo proyecto en vivo llamado ENTRE LETRAS, LIBROS Y OTROS MUNDOS, ser\u00e1n entrevistas que realizar\u00e9 a personalidades de Espa\u00f1a y Am\u00e9rica Latina en mi Facebook,&nbsp;<a href=\"http:\/\/www.facebook.com\/byronmural\">www.facebook.com\/byronmural<\/a><br \/>\nAgradezco a las personas que leyeron mis art\u00edculos en este tiempo, sus buenos comentarios y sus buenos deseos. No es un adi\u00f3s sino un hasta pronto. Los espero entonces en mi cuenta de Facebook.<br \/>\nCordialmente;<br \/>\n<strong>Byron Mural<\/strong><\/p>\n","protected":false},"excerpt":{"rendered":"<p>Estimado Edgar. Durante m\u00e1s de dos a\u00f1os me has dado la oportunidad de escribir mi columna semanal \u201cLA TRINCHERA\u201d en tu prestigiosa p\u00e1gina, dos a\u00f1os, en los que he podido expresarme libremente, sin censura, aprovechando dicho espacio he intentado entretener a los lectores y que conozcan un poco sobre m\u00ed, he tomado la decisi\u00f3n de terminar esta primera temporada, tal como la empec\u00e9, feliz, entusiasmado y agradecido con tu medio de comunicaci\u00f3n. Nos une una mistad de a\u00f1os, proyectos juntos y de buenos momentos, ha llegado el momento de cerrar&hellip;<\/p>\n","protected":false},"author":6,"featured_media":853,"comment_status":"open","ping_status":"open","sticky":false,"template":"","format":"standard","meta":{"footnotes":""},"categories":[6],"tags":[15,17,48],"class_list":["post-779","post","type-post","status-publish","format-standard","has-post-thumbnail","hentry","category-trinchera","tag-byron-mural","tag-carta-abierta","tag-libros"],"gutentor_comment":0,"_links":{"self":[{"href":"https:\/\/www.notijalapa.net\/noticias\/wp-json\/wp\/v2\/posts\/779","targetHints":{"allow":["GET"]}}],"collection":[{"href":"https:\/\/www.notijalapa.net\/noticias\/wp-json\/wp\/v2\/posts"}],"about":[{"href":"https:\/\/www.notijalapa.net\/noticias\/wp-json\/wp\/v2\/types\/post"}],"author":[{"embeddable":true,"href":"https:\/\/www.notijalapa.net\/noticias\/wp-json\/wp\/v2\/users\/6"}],"replies":[{"embeddable":true,"href":"https:\/\/www.notijalapa.net\/noticias\/wp-json\/wp\/v2\/comments?post=779"}],"version-history":[{"count":2,"href":"https:\/\/www.notijalapa.net\/noticias\/wp-json\/wp\/v2\/posts\/779\/revisions"}],"predecessor-version":[{"id":895,"href":"https:\/\/www.notijalapa.net\/noticias\/wp-json\/wp\/v2\/posts\/779\/revisions\/895"}],"wp:featuredmedia":[{"embeddable":true,"href":"https:\/\/www.notijalapa.net\/noticias\/wp-json\/wp\/v2\/media\/853"}],"wp:attachment":[{"href":"https:\/\/www.notijalapa.net\/noticias\/wp-json\/wp\/v2\/media?parent=779"}],"wp:term":[{"taxonomy":"category","embeddable":true,"href":"https:\/\/www.notijalapa.net\/noticias\/wp-json\/wp\/v2\/categories?post=779"},{"taxonomy":"post_tag","embeddable":true,"href":"https:\/\/www.notijalapa.net\/noticias\/wp-json\/wp\/v2\/tags?post=779"}],"curies":[{"name":"wp","href":"https:\/\/api.w.org\/{rel}","templated":true}]}}