{"id":7689,"date":"2022-09-08T12:10:29","date_gmt":"2022-09-08T12:10:29","guid":{"rendered":"https:\/\/www.notijalapa.net\/noticias\/?p=7689"},"modified":"2022-09-08T12:19:49","modified_gmt":"2022-09-08T12:19:49","slug":"bomberos-en-apresto-para-las-fiestas-septembrinas","status":"publish","type":"post","link":"https:\/\/www.notijalapa.net\/noticias\/2022\/09\/08\/bomberos-en-apresto-para-las-fiestas-septembrinas\/","title":{"rendered":"Bomberos en apresto para las fiestas septembrinas"},"content":{"rendered":"<p>Bomberos Voluntarios estar\u00e1n en apresto ante cualquier emergencia que se suscite en estas fiestas septembrinas, esto para atender accidentes de tr\u00e1nsito, hechos de violencia, como personas que sufran alg\u00fan desmayo, seg\u00fan lo dio a conocer el Bombero Voluntario Manolo Sierra.<\/p>\n<p><a href=\"https:\/\/www.notijalapa.net\/noticias\/2022\/09\/08\/joven-sufre-una-caida-accidental-y-termina-con-posible-fractura\/\">MIRA: Joven sufre una ca\u00edda accidental y termina con posible fractura<\/a><\/p>\n<p>Hace un llamado a los padres de familia, para que en los desfiles tengan a la vista a sus hijos, esto para evitar tragedias, as\u00ed como mantener hidratadas a las personas que van en los desfiles para evitar que sufran alg\u00fan desmayo.<\/p>\n<p><iframe loading=\"lazy\" title=\"Bomberos En Apresto Para Las Fiestas Septembrinas 1\" width=\"640\" height=\"360\" src=\"https:\/\/www.youtube.com\/embed\/qguyUtvrbFw?feature=oembed\" frameborder=\"0\" allow=\"accelerometer; autoplay; clipboard-write; encrypted-media; gyroscope; picture-in-picture; web-share\" referrerpolicy=\"strict-origin-when-cross-origin\" allowfullscreen><\/iframe><\/p>\n<p>As\u00ed mismo, si se suben a las ruedas mec\u00e1nicas, tomar en cuenta que estas en cualquier momento tambi\u00e9n podr\u00edan sufrir alg\u00fan desperfecto, ya en a\u00f1os anteriores han ocurrido accidentes en estas ruedas y deber\u00edan tomarlo en cuenta.<\/p>\n<p style=\"text-align: center;\"><iframe loading=\"lazy\" style=\"border: none; overflow: hidden;\" src=\"https:\/\/www.facebook.com\/plugins\/post.php?href=https%3A%2F%2Fwww.facebook.com%2Fpermalink.php%3Fstory_fbid%3Dpfbid031cPm646p5v54iKHdV6U4nGtSuK8CcrZWbU5fBVvc3SiBu2URcudyab9vJhho8zdhl%26id%3D100083158940816&amp;show_text=true&amp;width=500\" width=\"500\" height=\"774\" frameborder=\"0\" scrolling=\"no\" allowfullscreen=\"allowfullscreen\"><\/iframe><\/p>\n","protected":false},"excerpt":{"rendered":"<p>Bomberos Voluntarios estar\u00e1n en apresto ante cualquier emergencia que se suscite en estas fiestas septembrinas, esto para atender accidentes de tr\u00e1nsito, hechos de violencia, como personas que sufran alg\u00fan desmayo, seg\u00fan lo dio a conocer el Bombero Voluntario Manolo Sierra. MIRA: Joven sufre una ca\u00edda accidental y termina con posible fractura Hace un llamado a los padres de familia, para que en los desfiles tengan a la vista a sus hijos, esto para evitar tragedias, as\u00ed como mantener hidratadas a las personas que van en los desfiles para evitar que&hellip;<\/p>\n","protected":false},"author":2,"featured_media":7680,"comment_status":"open","ping_status":"open","sticky":false,"template":"","format":"standard","meta":{"footnotes":""},"categories":[3],"tags":[2126,2127],"class_list":["post-7689","post","type-post","status-publish","format-standard","has-post-thumbnail","hentry","category-locales","tag-bomberos-en-apresto","tag-para-las-fiestas-septembrinas"],"gutentor_comment":0,"_links":{"self":[{"href":"https:\/\/www.notijalapa.net\/noticias\/wp-json\/wp\/v2\/posts\/7689","targetHints":{"allow":["GET"]}}],"collection":[{"href":"https:\/\/www.notijalapa.net\/noticias\/wp-json\/wp\/v2\/posts"}],"about":[{"href":"https:\/\/www.notijalapa.net\/noticias\/wp-json\/wp\/v2\/types\/post"}],"author":[{"embeddable":true,"href":"https:\/\/www.notijalapa.net\/noticias\/wp-json\/wp\/v2\/users\/2"}],"replies":[{"embeddable":true,"href":"https:\/\/www.notijalapa.net\/noticias\/wp-json\/wp\/v2\/comments?post=7689"}],"version-history":[{"count":2,"href":"https:\/\/www.notijalapa.net\/noticias\/wp-json\/wp\/v2\/posts\/7689\/revisions"}],"predecessor-version":[{"id":7695,"href":"https:\/\/www.notijalapa.net\/noticias\/wp-json\/wp\/v2\/posts\/7689\/revisions\/7695"}],"wp:featuredmedia":[{"embeddable":true,"href":"https:\/\/www.notijalapa.net\/noticias\/wp-json\/wp\/v2\/media\/7680"}],"wp:attachment":[{"href":"https:\/\/www.notijalapa.net\/noticias\/wp-json\/wp\/v2\/media?parent=7689"}],"wp:term":[{"taxonomy":"category","embeddable":true,"href":"https:\/\/www.notijalapa.net\/noticias\/wp-json\/wp\/v2\/categories?post=7689"},{"taxonomy":"post_tag","embeddable":true,"href":"https:\/\/www.notijalapa.net\/noticias\/wp-json\/wp\/v2\/tags?post=7689"}],"curies":[{"name":"wp","href":"https:\/\/api.w.org\/{rel}","templated":true}]}}