{"id":7661,"date":"2022-09-07T12:10:30","date_gmt":"2022-09-07T12:10:30","guid":{"rendered":"https:\/\/www.notijalapa.net\/noticias\/?p=7661"},"modified":"2022-09-07T12:22:28","modified_gmt":"2022-09-07T12:22:28","slug":"fue-a-una-mediacion-por-problemas-de-tierras-y-murio-en-las-oficinas-del-mp","status":"publish","type":"post","link":"https:\/\/www.notijalapa.net\/noticias\/2022\/09\/07\/fue-a-una-mediacion-por-problemas-de-tierras-y-murio-en-las-oficinas-del-mp\/","title":{"rendered":"Fue a una mediaci\u00f3n por problemas de tierras y muri\u00f3 en las oficinas del MP"},"content":{"rendered":"<p>El se\u00f1or Pablo L\u00f3pez G\u00f3mez; de 50 a\u00f1os, fue a las oficinas del Ministerio P\u00fablico, del municipio de San Pedro Pinula, debido a que ten\u00eda una reuni\u00f3n para solucionar un conflicto de tierras.<\/p>\n<p><a href=\"https:\/\/www.notijalapa.net\/noticias\/2022\/09\/07\/realizaran-encuesta-para-conocer-ingresos-y-gastos-en-las-viviendas\/\">MIRA: Realizaran encuesta para conocer ingresos y gastos en las viviendas<\/a><\/p>\n<p>A minutos de haber iniciado la mediaci\u00f3n, el se\u00f1or L\u00f3pez se empez\u00f3 a sentir mal, por lo tanto, llamaron a los Bomberos Voluntarios de la Subestaci\u00f3n de San Pedro Pinula, a su llegada procedieron a evaluarlo, constatando que ya no presentaba signos vitales, falleciendo a causa posiblemente de un paro cardiorrespiratorio.<\/p>\n<p><iframe loading=\"lazy\" title=\"Fue A Una Mediaci\u00f3n Por Problemas De Tierras Y Muri\u00f3 En Las Oficinas Del Mp 1\" width=\"640\" height=\"360\" src=\"https:\/\/www.youtube.com\/embed\/jLaL8tY6bQI?feature=oembed\" frameborder=\"0\" allow=\"accelerometer; autoplay; clipboard-write; encrypted-media; gyroscope; picture-in-picture; web-share\" referrerpolicy=\"strict-origin-when-cross-origin\" allowfullscreen><\/iframe><\/p>\n<p>Al lugar se hicieron presentes agentes de la Polic\u00eda Nacional Civil para documentar lo sucedido. El Auxiliar Fiscal del Ministerio P\u00fablico levanto el acta de rigor del cad\u00e1ver y luego lo remitieron a la morgue del Instituto Nacional en Ciencias Forenses donde le practicaron la necropsia correspondiente con la que se determinara la causa real de su fallecimiento.<\/p>\n<p style=\"text-align: center;\"><iframe loading=\"lazy\" style=\"border: none; overflow: hidden;\" src=\"https:\/\/www.facebook.com\/plugins\/post.php?href=https%3A%2F%2Fwww.facebook.com%2Fpermalink.php%3Fstory_fbid%3Dpfbid0ubU6Vkd3Nvzx7XEPcGAhURtmJ9x146hYBTbr27kzHCankcEhrrYmaHqYdnj4Hvmjl%26id%3D100083158940816&amp;show_text=true&amp;width=500\" width=\"500\" height=\"755\" frameborder=\"0\" scrolling=\"no\" allowfullscreen=\"allowfullscreen\"><\/iframe><\/p>\n","protected":false},"excerpt":{"rendered":"<p>El se\u00f1or Pablo L\u00f3pez G\u00f3mez; de 50 a\u00f1os, fue a las oficinas del Ministerio P\u00fablico, del municipio de San Pedro Pinula, debido a que ten\u00eda una reuni\u00f3n para solucionar un conflicto de tierras. MIRA: Realizaran encuesta para conocer ingresos y gastos en las viviendas A minutos de haber iniciado la mediaci\u00f3n, el se\u00f1or L\u00f3pez se empez\u00f3 a sentir mal, por lo tanto, llamaron a los Bomberos Voluntarios de la Subestaci\u00f3n de San Pedro Pinula, a su llegada procedieron a evaluarlo, constatando que ya no presentaba signos vitales, falleciendo a causa&hellip;<\/p>\n","protected":false},"author":2,"featured_media":7651,"comment_status":"open","ping_status":"open","sticky":false,"template":"","format":"standard","meta":{"footnotes":""},"categories":[3],"tags":[2116,2117],"class_list":["post-7661","post","type-post","status-publish","format-standard","has-post-thumbnail","hentry","category-locales","tag-fue-a-una-mediacion","tag-murio-en-las-oficinas-del-mp"],"gutentor_comment":0,"_links":{"self":[{"href":"https:\/\/www.notijalapa.net\/noticias\/wp-json\/wp\/v2\/posts\/7661","targetHints":{"allow":["GET"]}}],"collection":[{"href":"https:\/\/www.notijalapa.net\/noticias\/wp-json\/wp\/v2\/posts"}],"about":[{"href":"https:\/\/www.notijalapa.net\/noticias\/wp-json\/wp\/v2\/types\/post"}],"author":[{"embeddable":true,"href":"https:\/\/www.notijalapa.net\/noticias\/wp-json\/wp\/v2\/users\/2"}],"replies":[{"embeddable":true,"href":"https:\/\/www.notijalapa.net\/noticias\/wp-json\/wp\/v2\/comments?post=7661"}],"version-history":[{"count":2,"href":"https:\/\/www.notijalapa.net\/noticias\/wp-json\/wp\/v2\/posts\/7661\/revisions"}],"predecessor-version":[{"id":7663,"href":"https:\/\/www.notijalapa.net\/noticias\/wp-json\/wp\/v2\/posts\/7661\/revisions\/7663"}],"wp:featuredmedia":[{"embeddable":true,"href":"https:\/\/www.notijalapa.net\/noticias\/wp-json\/wp\/v2\/media\/7651"}],"wp:attachment":[{"href":"https:\/\/www.notijalapa.net\/noticias\/wp-json\/wp\/v2\/media?parent=7661"}],"wp:term":[{"taxonomy":"category","embeddable":true,"href":"https:\/\/www.notijalapa.net\/noticias\/wp-json\/wp\/v2\/categories?post=7661"},{"taxonomy":"post_tag","embeddable":true,"href":"https:\/\/www.notijalapa.net\/noticias\/wp-json\/wp\/v2\/tags?post=7661"}],"curies":[{"name":"wp","href":"https:\/\/api.w.org\/{rel}","templated":true}]}}