{"id":7655,"date":"2022-09-07T12:08:57","date_gmt":"2022-09-07T12:08:57","guid":{"rendered":"https:\/\/www.notijalapa.net\/noticias\/?p=7655"},"modified":"2022-09-07T12:25:26","modified_gmt":"2022-09-07T12:25:26","slug":"nino-de-4-anos-emprende-su-propio-negocio","status":"publish","type":"post","link":"https:\/\/www.notijalapa.net\/noticias\/2022\/09\/07\/nino-de-4-anos-emprende-su-propio-negocio\/","title":{"rendered":"Ni\u00f1o de 4 a\u00f1os emprende su propio negocio"},"content":{"rendered":"<p>El menor Carlos Fabian, con tan solo cuatro a\u00f1os se ha dedicado ayudarle a su mam\u00e1 en la venta de caf\u00e9, esto porque le gusta tener dinero para comprar sus cosas y ahorrar, seg\u00fan lo dio a conocer la Licda. Lucia Peraza gerente de COSMOPROF.<\/p>\n<p><a href=\"https:\/\/www.notijalapa.net\/noticias\/2022\/09\/07\/brindaran-seguridad-en-puntos-estrategicos-para-las-actividades-de-feria\/\">MIRA: Brindaran seguridad en puntos estrat\u00e9gicos para las actividades de feria<\/a><\/p>\n<p>Seg\u00fan la progenitora, Carlos desde los 3 a\u00f1os la ha acompa\u00f1ado en las diferentes ferias o exposiciones que se realizan en los diferentes lugares del pa\u00eds, esto para ofrecer el mejor caf\u00e9 del municipio de Mataquescuintla, as\u00ed mismo en las afueras de su vivienda su hijo pone una mesa con bolsas de caf\u00e9, para ofrecerle a las personas que pasan por el lugar.<\/p>\n<p><iframe loading=\"lazy\" title=\"Ni\u00f1o De 4 A\u00f1os Emprende Su Propio Negocio 1\" width=\"640\" height=\"360\" src=\"https:\/\/www.youtube.com\/embed\/-4VxxtaxXwM?feature=oembed\" frameborder=\"0\" allow=\"accelerometer; autoplay; clipboard-write; encrypted-media; gyroscope; picture-in-picture; web-share\" referrerpolicy=\"strict-origin-when-cross-origin\" allowfullscreen><\/iframe><\/p>\n<p>Todas las personas que quieran comprarle caf\u00e9 a Carlos Fabi\u00e1n, lo pueden buscar a trav\u00e9s de Facebook como <a href=\"https:\/\/www.facebook.com\/Carlos-Fabi%C3%A1n-y-su-Cafecito-101873425993777\/\"><strong>Carlos Fabi\u00e1n y su Cafecito<\/strong><\/a> o pueden hacer sus pedidos al n\u00famero telef\u00f3nico 5718-4398.<\/p>\n<p style=\"text-align: center;\"><iframe loading=\"lazy\" style=\"border: none; overflow: hidden;\" src=\"https:\/\/www.facebook.com\/plugins\/post.php?href=https%3A%2F%2Fwww.facebook.com%2Fpermalink.php%3Fstory_fbid%3Dpfbid02sioX8sm8Db6H4NdxKXFLF5v5TVeDQQkSbUhkCwbGKLqWFFo6rSKxRThAcZdKVMTGl%26id%3D100083158940816&amp;show_text=true&amp;width=500\" width=\"500\" height=\"525\" frameborder=\"0\" scrolling=\"no\" allowfullscreen=\"allowfullscreen\"><\/iframe><\/p>\n","protected":false},"excerpt":{"rendered":"<p>El menor Carlos Fabian, con tan solo cuatro a\u00f1os se ha dedicado ayudarle a su mam\u00e1 en la venta de caf\u00e9, esto porque le gusta tener dinero para comprar sus cosas y ahorrar, seg\u00fan lo dio a conocer la Licda. Lucia Peraza gerente de COSMOPROF. MIRA: Brindaran seguridad en puntos estrat\u00e9gicos para las actividades de feria Seg\u00fan la progenitora, Carlos desde los 3 a\u00f1os la ha acompa\u00f1ado en las diferentes ferias o exposiciones que se realizan en los diferentes lugares del pa\u00eds, esto para ofrecer el mejor caf\u00e9 del municipio&hellip;<\/p>\n","protected":false},"author":2,"featured_media":7648,"comment_status":"open","ping_status":"open","sticky":false,"template":"","format":"standard","meta":{"footnotes":""},"categories":[3],"tags":[2111,2110],"class_list":["post-7655","post","type-post","status-publish","format-standard","has-post-thumbnail","hentry","category-locales","tag-emprende-su-propio-negocio","tag-nino-de-4-anos"],"gutentor_comment":0,"_links":{"self":[{"href":"https:\/\/www.notijalapa.net\/noticias\/wp-json\/wp\/v2\/posts\/7655","targetHints":{"allow":["GET"]}}],"collection":[{"href":"https:\/\/www.notijalapa.net\/noticias\/wp-json\/wp\/v2\/posts"}],"about":[{"href":"https:\/\/www.notijalapa.net\/noticias\/wp-json\/wp\/v2\/types\/post"}],"author":[{"embeddable":true,"href":"https:\/\/www.notijalapa.net\/noticias\/wp-json\/wp\/v2\/users\/2"}],"replies":[{"embeddable":true,"href":"https:\/\/www.notijalapa.net\/noticias\/wp-json\/wp\/v2\/comments?post=7655"}],"version-history":[{"count":2,"href":"https:\/\/www.notijalapa.net\/noticias\/wp-json\/wp\/v2\/posts\/7655\/revisions"}],"predecessor-version":[{"id":7666,"href":"https:\/\/www.notijalapa.net\/noticias\/wp-json\/wp\/v2\/posts\/7655\/revisions\/7666"}],"wp:featuredmedia":[{"embeddable":true,"href":"https:\/\/www.notijalapa.net\/noticias\/wp-json\/wp\/v2\/media\/7648"}],"wp:attachment":[{"href":"https:\/\/www.notijalapa.net\/noticias\/wp-json\/wp\/v2\/media?parent=7655"}],"wp:term":[{"taxonomy":"category","embeddable":true,"href":"https:\/\/www.notijalapa.net\/noticias\/wp-json\/wp\/v2\/categories?post=7655"},{"taxonomy":"post_tag","embeddable":true,"href":"https:\/\/www.notijalapa.net\/noticias\/wp-json\/wp\/v2\/tags?post=7655"}],"curies":[{"name":"wp","href":"https:\/\/api.w.org\/{rel}","templated":true}]}}