{"id":7564,"date":"2022-09-02T12:15:10","date_gmt":"2022-09-02T12:15:10","guid":{"rendered":"https:\/\/www.notijalapa.net\/noticias\/?p=7564"},"modified":"2022-09-02T12:29:59","modified_gmt":"2022-09-02T12:29:59","slug":"continuaran-los-dias-lluviosos","status":"publish","type":"post","link":"https:\/\/www.notijalapa.net\/noticias\/2022\/09\/02\/continuaran-los-dias-lluviosos\/","title":{"rendered":"Continuaran los d\u00edas lluviosos"},"content":{"rendered":"<p>Seg\u00fan el pron\u00f3stico que les han enviado por parte del Insivumeh, hace referencia sobre una alteraci\u00f3n que hay en cuanto al desorden de las nubes, esto no presentan una amenaza directa al territorio nacional, seg\u00fan lo dio a conocer Jos\u00e9 Bola\u00f1os delegado de la CONRED en Jalapa.<\/p>\n<p><a href=\"https:\/\/www.notijalapa.net\/noticias\/2022\/09\/02\/la-conred-unicamente-coordina-con-las-instituciones\/\">MIRA: La CONRED \u00fanicamente coordina con las instituciones<\/a><\/p>\n<p>Cabe mencionar si se van a presentar algunas lluvias de leves a moderadas, nublados parciales en el trascurso del d\u00eda y algunas variaciones en cuanto a la temperatura. Se debe tener mucha precauci\u00f3n al momento de conducir o salir a alg\u00fan lugar.<\/p>\n<p><iframe loading=\"lazy\" title=\"Continuaran Los D\u00edas Lluviosos 1\" width=\"640\" height=\"360\" src=\"https:\/\/www.youtube.com\/embed\/5ZbukSLxSMY?feature=oembed\" frameborder=\"0\" allow=\"accelerometer; autoplay; clipboard-write; encrypted-media; gyroscope; picture-in-picture; web-share\" referrerpolicy=\"strict-origin-when-cross-origin\" allowfullscreen><\/iframe><\/p>\n<p>Las lluvias podr\u00edan tardar entre 24 a 48 horas, esto representa a la honda del Este n\u00famero 26, misma que no representara una amenaza directa, pero si se van a originar algunas lluvias que podr\u00eda afectar al pa\u00eds, concluyo.<\/p>\n<p style=\"text-align: center;\"><iframe loading=\"lazy\" style=\"border: none; overflow: hidden;\" src=\"https:\/\/www.facebook.com\/plugins\/post.php?href=https%3A%2F%2Fwww.facebook.com%2Fpermalink.php%3Fstory_fbid%3Dpfbid0268VfooFGtScAgAY1o1d38jS3iG2zVWn2y1xcY5pszdTbG9KkEbKVCbdfaf1Ss3gWl%26id%3D100528296070083&amp;show_text=true&amp;width=500\" width=\"500\" height=\"755\" frameborder=\"0\" scrolling=\"no\" allowfullscreen=\"allowfullscreen\"><\/iframe><\/p>\n","protected":false},"excerpt":{"rendered":"<p>Seg\u00fan el pron\u00f3stico que les han enviado por parte del Insivumeh, hace referencia sobre una alteraci\u00f3n que hay en cuanto al desorden de las nubes, esto no presentan una amenaza directa al territorio nacional, seg\u00fan lo dio a conocer Jos\u00e9 Bola\u00f1os delegado de la CONRED en Jalapa. MIRA: La CONRED \u00fanicamente coordina con las instituciones Cabe mencionar si se van a presentar algunas lluvias de leves a moderadas, nublados parciales en el trascurso del d\u00eda y algunas variaciones en cuanto a la temperatura. Se debe tener mucha precauci\u00f3n al momento&hellip;<\/p>\n","protected":false},"author":2,"featured_media":7559,"comment_status":"open","ping_status":"open","sticky":false,"template":"","format":"standard","meta":{"footnotes":""},"categories":[3],"tags":[2075,2076],"class_list":["post-7564","post","type-post","status-publish","format-standard","has-post-thumbnail","hentry","category-locales","tag-continuaran","tag-los-dias-lluviosos"],"gutentor_comment":0,"_links":{"self":[{"href":"https:\/\/www.notijalapa.net\/noticias\/wp-json\/wp\/v2\/posts\/7564","targetHints":{"allow":["GET"]}}],"collection":[{"href":"https:\/\/www.notijalapa.net\/noticias\/wp-json\/wp\/v2\/posts"}],"about":[{"href":"https:\/\/www.notijalapa.net\/noticias\/wp-json\/wp\/v2\/types\/post"}],"author":[{"embeddable":true,"href":"https:\/\/www.notijalapa.net\/noticias\/wp-json\/wp\/v2\/users\/2"}],"replies":[{"embeddable":true,"href":"https:\/\/www.notijalapa.net\/noticias\/wp-json\/wp\/v2\/comments?post=7564"}],"version-history":[{"count":2,"href":"https:\/\/www.notijalapa.net\/noticias\/wp-json\/wp\/v2\/posts\/7564\/revisions"}],"predecessor-version":[{"id":7579,"href":"https:\/\/www.notijalapa.net\/noticias\/wp-json\/wp\/v2\/posts\/7564\/revisions\/7579"}],"wp:featuredmedia":[{"embeddable":true,"href":"https:\/\/www.notijalapa.net\/noticias\/wp-json\/wp\/v2\/media\/7559"}],"wp:attachment":[{"href":"https:\/\/www.notijalapa.net\/noticias\/wp-json\/wp\/v2\/media?parent=7564"}],"wp:term":[{"taxonomy":"category","embeddable":true,"href":"https:\/\/www.notijalapa.net\/noticias\/wp-json\/wp\/v2\/categories?post=7564"},{"taxonomy":"post_tag","embeddable":true,"href":"https:\/\/www.notijalapa.net\/noticias\/wp-json\/wp\/v2\/tags?post=7564"}],"curies":[{"name":"wp","href":"https:\/\/api.w.org\/{rel}","templated":true}]}}