{"id":736,"date":"2021-10-09T14:12:21","date_gmt":"2021-10-09T14:12:21","guid":{"rendered":"http:\/\/localhost\/notijalapa\/?p=736"},"modified":"2021-10-19T19:18:48","modified_gmt":"2021-10-19T19:18:48","slug":"proximo-mes-iniciara-la-remodelacion-del-instituto-experimental","status":"publish","type":"post","link":"https:\/\/www.notijalapa.net\/noticias\/2021\/10\/09\/proximo-mes-iniciara-la-remodelacion-del-instituto-experimental\/","title":{"rendered":"Pr\u00f3ximo mes iniciara la remodelaci\u00f3n del instituto experimental"},"content":{"rendered":"<p>Esta semana tuvieron una reuni\u00f3n con personal del Ministerio de Educaci\u00f3n, con el PROEDU 5, dicho programa quiere implementar carreras t\u00e9cnicas y el instituto va a iniciar el pr\u00f3ximo a\u00f1o con la carrera de perito en dise\u00f1o y elaboraci\u00f3n de Software, seg\u00fan lo dio a conocer Marco Antonio Estrada director del Instituto Experimental.<br \/>\nA mediados de noviembre hay una empresa que va a llegar a trabajar al instituto y dieron plazo para que en cuatro meses puedan desarrollar toda la obra, es una remodelaci\u00f3n completa del instituto, creaci\u00f3n de nuevos ambientes de ba\u00f1os, el \u00e1rea administrativa tambi\u00e9n ser\u00e1 remodelada y construir\u00e1n otras tres aulas.<br \/>\nEs un proyecto bastante grande y desde que la empresa llegue el instituto estar\u00e1 cerrando, porque ellos van a trabajar de tiempo completo, dentro de unos d\u00edas la direcci\u00f3n departamental ya va a empezar a coordinar la promoci\u00f3n de la carrera y tambi\u00e9n empezar con la preinscripci\u00f3n.<br \/>\nSe descarta el poder iniciar con clases presenciales el pr\u00f3ximo a\u00f1o, esperan que ya para a finales del mes de marzo la obra pueda estar culminada y ver cuales son las nuevas directrices si se podr\u00e1 trabajar de una manera hibrida o ser\u00e1 de manera virtual.<\/p>\n","protected":false},"excerpt":{"rendered":"<p>Esta semana tuvieron una reuni\u00f3n con personal del Ministerio de Educaci\u00f3n, con el PROEDU 5, dicho programa quiere implementar carreras t\u00e9cnicas y el instituto va a iniciar el pr\u00f3ximo a\u00f1o con la carrera de perito en dise\u00f1o y elaboraci\u00f3n de Software, seg\u00fan lo dio a conocer Marco Antonio Estrada director del Instituto Experimental. A mediados de noviembre hay una empresa que va a llegar a trabajar al instituto y dieron plazo para que en cuatro meses puedan desarrollar toda la obra, es una remodelaci\u00f3n completa del instituto, creaci\u00f3n de nuevos&hellip;<\/p>\n","protected":false},"author":1,"featured_media":869,"comment_status":"open","ping_status":"open","sticky":false,"template":"","format":"standard","meta":{"footnotes":""},"categories":[3],"tags":[40,52,69],"class_list":["post-736","post","type-post","status-publish","format-standard","has-post-thumbnail","hentry","category-locales","tag-instituto-experimental","tag-marco-antonio-estrada","tag-proedu-5"],"gutentor_comment":0,"_links":{"self":[{"href":"https:\/\/www.notijalapa.net\/noticias\/wp-json\/wp\/v2\/posts\/736","targetHints":{"allow":["GET"]}}],"collection":[{"href":"https:\/\/www.notijalapa.net\/noticias\/wp-json\/wp\/v2\/posts"}],"about":[{"href":"https:\/\/www.notijalapa.net\/noticias\/wp-json\/wp\/v2\/types\/post"}],"author":[{"embeddable":true,"href":"https:\/\/www.notijalapa.net\/noticias\/wp-json\/wp\/v2\/users\/1"}],"replies":[{"embeddable":true,"href":"https:\/\/www.notijalapa.net\/noticias\/wp-json\/wp\/v2\/comments?post=736"}],"version-history":[{"count":1,"href":"https:\/\/www.notijalapa.net\/noticias\/wp-json\/wp\/v2\/posts\/736\/revisions"}],"predecessor-version":[{"id":908,"href":"https:\/\/www.notijalapa.net\/noticias\/wp-json\/wp\/v2\/posts\/736\/revisions\/908"}],"wp:featuredmedia":[{"embeddable":true,"href":"https:\/\/www.notijalapa.net\/noticias\/wp-json\/wp\/v2\/media\/869"}],"wp:attachment":[{"href":"https:\/\/www.notijalapa.net\/noticias\/wp-json\/wp\/v2\/media?parent=736"}],"wp:term":[{"taxonomy":"category","embeddable":true,"href":"https:\/\/www.notijalapa.net\/noticias\/wp-json\/wp\/v2\/categories?post=736"},{"taxonomy":"post_tag","embeddable":true,"href":"https:\/\/www.notijalapa.net\/noticias\/wp-json\/wp\/v2\/tags?post=736"}],"curies":[{"name":"wp","href":"https:\/\/api.w.org\/{rel}","templated":true}]}}