{"id":7353,"date":"2022-08-24T12:45:27","date_gmt":"2022-08-24T12:45:27","guid":{"rendered":"https:\/\/www.notijalapa.net\/noticias\/?p=7353"},"modified":"2022-08-24T13:04:44","modified_gmt":"2022-08-24T13:04:44","slug":"buscan-que-se-haga-un-tamizaje-y-crear-un-area-especifica-para-pacientes-renales","status":"publish","type":"post","link":"https:\/\/www.notijalapa.net\/noticias\/2022\/08\/24\/buscan-que-se-haga-un-tamizaje-y-crear-un-area-especifica-para-pacientes-renales\/","title":{"rendered":"Buscan que se haga un tamizaje y crear un \u00e1rea espec\u00edfica para pacientes renales"},"content":{"rendered":"<p>Se reunieron con vecinos y profesionales del municipio de Monjas, en donde fueron invitados por los ciudadanos, quienes est\u00e1n muy preocupados por los altos casos de insuficiencia renal en ni\u00f1os, ni\u00f1as, adolescentes y adultos, seg\u00fan lo dio a conocer la Licda. Cecilia Isabel Aguirre Auxiliar del Procurador de los Derechos Humanos.<\/p>\n<p><a href=\"https:\/\/www.notijalapa.net\/noticias\/2022\/08\/24\/bomberos-fueron-agredidos-cuando-cubrian-un-servicio\/\">MIRA: Bomberos fueron agredidos cuando cubr\u00edan un servicio<\/a><\/p>\n<p>Esta fue la primera reuni\u00f3n, para hacer una organizaci\u00f3n, tienen contemplado hacer una segunda reuni\u00f3n en donde van a invitar al ministerio de salud, para que apoye en la informaci\u00f3n y en el seguimiento de las solicitudes que los vecinos presentaron.<\/p>\n<p><iframe loading=\"lazy\" title=\"Buscan Que Se Haga Un Tamizaje Y Crear Un \u00c1rea Espec\u00edfica Para Pacientes Renales 1\" width=\"640\" height=\"360\" src=\"https:\/\/www.youtube.com\/embed\/T3WnPwLBfUk?feature=oembed\" frameborder=\"0\" allow=\"accelerometer; autoplay; clipboard-write; encrypted-media; gyroscope; picture-in-picture; web-share\" referrerpolicy=\"strict-origin-when-cross-origin\" allowfullscreen><\/iframe><\/p>\n<p>En ese sentido fueron dos solicitudes, la primera fue que se haga un tamizaje en el municipio de Monjas a todos los ciudadanos, para encontrar las causas y posibles personas que est\u00e9n padeciendo o sean afectado por la insuficiencia renal.<\/p>\n<p>La otra fue crear un \u00e1rea espec\u00edfica para atenci\u00f3n a los pacientes con problemas renales en el municipio de Monjas, es as\u00ed como est\u00e1n planificando la siguiente reuni\u00f3n para invitar a las autoridades para desarrollar esta actividad y buscar soluciones.<\/p>\n<p style=\"text-align: center;\"><iframe loading=\"lazy\" style=\"border: none; overflow: hidden;\" src=\"https:\/\/www.facebook.com\/plugins\/post.php?href=https%3A%2F%2Fwww.facebook.com%2Fpermalink.php%3Fstory_fbid%3Dpfbid02ULjTat4fhWEfkbWySWWyQMVQZsvG9T5HMVwjjVfisy8mvb7nt2Nh4DNSY3UQuVhfl%26id%3D100528296070083&amp;show_text=true&amp;width=500\" width=\"500\" height=\"774\" frameborder=\"0\" scrolling=\"no\" allowfullscreen=\"allowfullscreen\"><\/iframe><\/p>\n","protected":false},"excerpt":{"rendered":"<p>Se reunieron con vecinos y profesionales del municipio de Monjas, en donde fueron invitados por los ciudadanos, quienes est\u00e1n muy preocupados por los altos casos de insuficiencia renal en ni\u00f1os, ni\u00f1as, adolescentes y adultos, seg\u00fan lo dio a conocer la Licda. Cecilia Isabel Aguirre Auxiliar del Procurador de los Derechos Humanos. MIRA: Bomberos fueron agredidos cuando cubr\u00edan un servicio Esta fue la primera reuni\u00f3n, para hacer una organizaci\u00f3n, tienen contemplado hacer una segunda reuni\u00f3n en donde van a invitar al ministerio de salud, para que apoye en la informaci\u00f3n y&hellip;<\/p>\n","protected":false},"author":1,"featured_media":7349,"comment_status":"open","ping_status":"open","sticky":false,"template":"","format":"standard","meta":{"footnotes":""},"categories":[3],"tags":[1995,1996,1997],"class_list":["post-7353","post","type-post","status-publish","format-standard","has-post-thumbnail","hentry","category-locales","tag-buscan-que-se-haga-un-tamizaje","tag-crear-un-area-especifica","tag-para-pacientes-renales"],"gutentor_comment":0,"_links":{"self":[{"href":"https:\/\/www.notijalapa.net\/noticias\/wp-json\/wp\/v2\/posts\/7353","targetHints":{"allow":["GET"]}}],"collection":[{"href":"https:\/\/www.notijalapa.net\/noticias\/wp-json\/wp\/v2\/posts"}],"about":[{"href":"https:\/\/www.notijalapa.net\/noticias\/wp-json\/wp\/v2\/types\/post"}],"author":[{"embeddable":true,"href":"https:\/\/www.notijalapa.net\/noticias\/wp-json\/wp\/v2\/users\/1"}],"replies":[{"embeddable":true,"href":"https:\/\/www.notijalapa.net\/noticias\/wp-json\/wp\/v2\/comments?post=7353"}],"version-history":[{"count":4,"href":"https:\/\/www.notijalapa.net\/noticias\/wp-json\/wp\/v2\/posts\/7353\/revisions"}],"predecessor-version":[{"id":7367,"href":"https:\/\/www.notijalapa.net\/noticias\/wp-json\/wp\/v2\/posts\/7353\/revisions\/7367"}],"wp:featuredmedia":[{"embeddable":true,"href":"https:\/\/www.notijalapa.net\/noticias\/wp-json\/wp\/v2\/media\/7349"}],"wp:attachment":[{"href":"https:\/\/www.notijalapa.net\/noticias\/wp-json\/wp\/v2\/media?parent=7353"}],"wp:term":[{"taxonomy":"category","embeddable":true,"href":"https:\/\/www.notijalapa.net\/noticias\/wp-json\/wp\/v2\/categories?post=7353"},{"taxonomy":"post_tag","embeddable":true,"href":"https:\/\/www.notijalapa.net\/noticias\/wp-json\/wp\/v2\/tags?post=7353"}],"curies":[{"name":"wp","href":"https:\/\/api.w.org\/{rel}","templated":true}]}}