{"id":733,"date":"2021-10-09T14:08:45","date_gmt":"2021-10-09T14:08:45","guid":{"rendered":"http:\/\/localhost\/notijalapa\/?p=733"},"modified":"2021-10-19T19:19:17","modified_gmt":"2021-10-19T19:19:17","slug":"actualmente-mas-de-quinientas-personas-jalapanecas-se-encuentran-infectadas-de-covid-19","status":"publish","type":"post","link":"https:\/\/www.notijalapa.net\/noticias\/2021\/10\/09\/actualmente-mas-de-quinientas-personas-jalapanecas-se-encuentran-infectadas-de-covid-19\/","title":{"rendered":"Actualmente m\u00e1s de quinientas personas jalapanecas se encuentran infectadas de covid-19"},"content":{"rendered":"<p>Seg\u00fan el reporte de casos positivo en el departamento de Jalapa, por parte del Ministerio de Salud P\u00fablica y Asistencia Social, est\u00e1n reportando 76 casos positivos en la ultimas 24 horas, de los cuales 54 son del municipio de Jalapa, 4 de San Pedro Pinula, 6 de San Luis Jilotepeque, 3 de Mataquescuintla, 1 San Manuel Chaparr\u00f3n, 3 de Monjas y 2 de San Carlos Alzatate, seg\u00fan lo dio a conocer la Licda. Roxana Gudiel del \u00e1rea de salud de Jalapa.<br \/>\nSeg\u00fan el consolidado de casos positivos desde que inicio la pandemia a la fecha se han registrado 7,164, de los cuales 3,857 son de Jalapa, 685 de San Pedro Pinula, 798 de San Luis Jilotepeque, 716 de Mataquescuintla, 304 de San Manuel Chaparr\u00f3n, 674 de Monjas y 130 de San Carlos Alzatate.<br \/>\nLas personas que se han recuperado de Covid-19 en el departamento de Jalapa son 6,524, actualmente hay 530 personas que se encuentran a\u00fan positivas con el virus y se ha registrado el fallecimiento de 110 personas a causa del coronavirus.<\/p>\n","protected":false},"excerpt":{"rendered":"<p>Seg\u00fan el reporte de casos positivo en el departamento de Jalapa, por parte del Ministerio de Salud P\u00fablica y Asistencia Social, est\u00e1n reportando 76 casos positivos en la ultimas 24 horas, de los cuales 54 son del municipio de Jalapa, 4 de San Pedro Pinula, 6 de San Luis Jilotepeque, 3 de Mataquescuintla, 1 San Manuel Chaparr\u00f3n, 3 de Monjas y 2 de San Carlos Alzatate, seg\u00fan lo dio a conocer la Licda. Roxana Gudiel del \u00e1rea de salud de Jalapa. Seg\u00fan el consolidado de casos positivos desde que inicio&hellip;<\/p>\n","protected":false},"author":1,"featured_media":868,"comment_status":"open","ping_status":"open","sticky":false,"template":"","format":"standard","meta":{"footnotes":""},"categories":[3],"tags":[26,42,50,53,59,71,72,73,74],"class_list":["post-733","post","type-post","status-publish","format-standard","has-post-thumbnail","hentry","category-locales","tag-covid-19","tag-jalapa","tag-licda-roxana-gudiel","tag-mataquescuintla","tag-monjas","tag-san-carlos-alzatate","tag-san-luis-jilotepeque","tag-san-manuel-chaparron","tag-san-pedro-pinula"],"gutentor_comment":0,"_links":{"self":[{"href":"https:\/\/www.notijalapa.net\/noticias\/wp-json\/wp\/v2\/posts\/733","targetHints":{"allow":["GET"]}}],"collection":[{"href":"https:\/\/www.notijalapa.net\/noticias\/wp-json\/wp\/v2\/posts"}],"about":[{"href":"https:\/\/www.notijalapa.net\/noticias\/wp-json\/wp\/v2\/types\/post"}],"author":[{"embeddable":true,"href":"https:\/\/www.notijalapa.net\/noticias\/wp-json\/wp\/v2\/users\/1"}],"replies":[{"embeddable":true,"href":"https:\/\/www.notijalapa.net\/noticias\/wp-json\/wp\/v2\/comments?post=733"}],"version-history":[{"count":1,"href":"https:\/\/www.notijalapa.net\/noticias\/wp-json\/wp\/v2\/posts\/733\/revisions"}],"predecessor-version":[{"id":909,"href":"https:\/\/www.notijalapa.net\/noticias\/wp-json\/wp\/v2\/posts\/733\/revisions\/909"}],"wp:featuredmedia":[{"embeddable":true,"href":"https:\/\/www.notijalapa.net\/noticias\/wp-json\/wp\/v2\/media\/868"}],"wp:attachment":[{"href":"https:\/\/www.notijalapa.net\/noticias\/wp-json\/wp\/v2\/media?parent=733"}],"wp:term":[{"taxonomy":"category","embeddable":true,"href":"https:\/\/www.notijalapa.net\/noticias\/wp-json\/wp\/v2\/categories?post=733"},{"taxonomy":"post_tag","embeddable":true,"href":"https:\/\/www.notijalapa.net\/noticias\/wp-json\/wp\/v2\/tags?post=733"}],"curies":[{"name":"wp","href":"https:\/\/api.w.org\/{rel}","templated":true}]}}