{"id":730,"date":"2021-10-09T14:04:54","date_gmt":"2021-10-09T14:04:54","guid":{"rendered":"http:\/\/localhost\/notijalapa\/?p=730"},"modified":"2021-10-19T19:19:43","modified_gmt":"2021-10-19T19:19:43","slug":"abriguese-bien-para-no-sufrir-enfermedades-respiratorias-en-esta-etapa-de-frio","status":"publish","type":"post","link":"https:\/\/www.notijalapa.net\/noticias\/2021\/10\/09\/abriguese-bien-para-no-sufrir-enfermedades-respiratorias-en-esta-etapa-de-frio\/","title":{"rendered":"Abr\u00edguese bien para no sufrir enfermedades respiratorias en esta etapa de frio"},"content":{"rendered":"<p>Estamos entrando ya a los \u00faltimos meses del a\u00f1o y con ello llega la etapa de frio, en donde se esperan algunos descensos de temperatura, y con ello hay que tomar algunas medidas de prevenci\u00f3n m\u00e1s por las enfermedades respiratorias, seg\u00fan lo dio a conocer Jos\u00e9 Bola\u00f1os delegado de la CONRED en Jalapa.<br \/>\nDebemos de abrigarnos bien, y m\u00e1s a las personas de la tercera edad y los ni\u00f1os, quienes son los m\u00e1s vulnerables y propensos a sufrir alguna enfermedad respiratoria, porque se prev\u00e9 que los descensos de temperara sean un poco dr\u00e1sticos en algunos sectores del pa\u00eds.<br \/>\nAs\u00ed mismo el sufrir enfermedades respiratorias pueden venir y confundir a las personas pensando que es Covid-19, por ello debe de tomar mucha vitamina C y al momento de sentir alg\u00fan s\u00edntoma que puedan acudir al centro de salud y poder hacerse los ex\u00e1menes correspondientes.<\/p>\n","protected":false},"excerpt":{"rendered":"<p>Estamos entrando ya a los \u00faltimos meses del a\u00f1o y con ello llega la etapa de frio, en donde se esperan algunos descensos de temperatura, y con ello hay que tomar algunas medidas de prevenci\u00f3n m\u00e1s por las enfermedades respiratorias, seg\u00fan lo dio a conocer Jos\u00e9 Bola\u00f1os delegado de la CONRED en Jalapa. Debemos de abrigarnos bien, y m\u00e1s a las personas de la tercera edad y los ni\u00f1os, quienes son los m\u00e1s vulnerables y propensos a sufrir alguna enfermedad respiratoria, porque se prev\u00e9 que los descensos de temperara sean&hellip;<\/p>\n","protected":false},"author":1,"featured_media":870,"comment_status":"open","ping_status":"open","sticky":false,"template":"","format":"standard","meta":{"footnotes":""},"categories":[3],"tags":[30,45,61],"class_list":["post-730","post","type-post","status-publish","format-standard","has-post-thumbnail","hentry","category-locales","tag-enfermedades","tag-jose-bolanos","tag-ninos"],"gutentor_comment":0,"_links":{"self":[{"href":"https:\/\/www.notijalapa.net\/noticias\/wp-json\/wp\/v2\/posts\/730","targetHints":{"allow":["GET"]}}],"collection":[{"href":"https:\/\/www.notijalapa.net\/noticias\/wp-json\/wp\/v2\/posts"}],"about":[{"href":"https:\/\/www.notijalapa.net\/noticias\/wp-json\/wp\/v2\/types\/post"}],"author":[{"embeddable":true,"href":"https:\/\/www.notijalapa.net\/noticias\/wp-json\/wp\/v2\/users\/1"}],"replies":[{"embeddable":true,"href":"https:\/\/www.notijalapa.net\/noticias\/wp-json\/wp\/v2\/comments?post=730"}],"version-history":[{"count":1,"href":"https:\/\/www.notijalapa.net\/noticias\/wp-json\/wp\/v2\/posts\/730\/revisions"}],"predecessor-version":[{"id":911,"href":"https:\/\/www.notijalapa.net\/noticias\/wp-json\/wp\/v2\/posts\/730\/revisions\/911"}],"wp:featuredmedia":[{"embeddable":true,"href":"https:\/\/www.notijalapa.net\/noticias\/wp-json\/wp\/v2\/media\/870"}],"wp:attachment":[{"href":"https:\/\/www.notijalapa.net\/noticias\/wp-json\/wp\/v2\/media?parent=730"}],"wp:term":[{"taxonomy":"category","embeddable":true,"href":"https:\/\/www.notijalapa.net\/noticias\/wp-json\/wp\/v2\/categories?post=730"},{"taxonomy":"post_tag","embeddable":true,"href":"https:\/\/www.notijalapa.net\/noticias\/wp-json\/wp\/v2\/tags?post=730"}],"curies":[{"name":"wp","href":"https:\/\/api.w.org\/{rel}","templated":true}]}}