{"id":7063,"date":"2022-08-10T12:14:02","date_gmt":"2022-08-10T12:14:02","guid":{"rendered":"https:\/\/www.notijalapa.net\/noticias\/?p=7063"},"modified":"2022-08-10T12:26:57","modified_gmt":"2022-08-10T12:26:57","slug":"tienen-el-compromiso-de-seguir-trabajando-por-la-ninez-y-adolescencia","status":"publish","type":"post","link":"https:\/\/www.notijalapa.net\/noticias\/2022\/08\/10\/tienen-el-compromiso-de-seguir-trabajando-por-la-ninez-y-adolescencia\/","title":{"rendered":"Tienen el compromiso de seguir trabajando por la ni\u00f1ez y adolescencia"},"content":{"rendered":"<p>Estuvieron reunidos para dar a conocer que hacen en favor de la ni\u00f1ez y adolescencia en el municipio de San Pedro Pinula, en esta actividad estuvieron presentes varios alcaldes y los encargados de las oficinas municipales de la ni\u00f1ez y adolescencia, dicha reuni\u00f3n fue convocada por UNICEF y la Fundaci\u00f3n Sobrevivientes, seg\u00fan lo dio a conocer Roberto Ram\u00edrez Guerra alcalde municipal de San Pedro Pinula.<\/p>\n<p><a href=\"https:\/\/www.notijalapa.net\/noticias\/2022\/08\/10\/trabajan-diferentes-programas-para-ayudar-a-las-comunidades\/\">MIRA: Trabajan diferentes programas para ayudar a las comunidades<\/a><\/p>\n<p>Ellos estuvieron dando a conocer el trabajo que est\u00e1n haciendo en la municipalidad de San Pedro Pinula espec\u00edficamente, a trav\u00e9s de la oficina de ni\u00f1ez y adolescencia, el compromiso que tienen es seguir apoyando a todas esas personas vulnerables o que son sujetos a discriminaciones, abusos sexuales, trata, etc.<\/p>\n<p><iframe loading=\"lazy\" title=\"Tienen El Compromiso De Seguir Trabajando Por La Ni\u00f1ez Y Adolescencia 1\" width=\"640\" height=\"360\" src=\"https:\/\/www.youtube.com\/embed\/27LLzuw8Z2k?feature=oembed\" frameborder=\"0\" allow=\"accelerometer; autoplay; clipboard-write; encrypted-media; gyroscope; picture-in-picture; web-share\" referrerpolicy=\"strict-origin-when-cross-origin\" allowfullscreen><\/iframe><\/p>\n<p>Ellos van a continuar realizando diversas actividades en manera de prevenci\u00f3n y en seguir apoyando a la ni\u00f1ez y adolescencia del municipio, para que estas personas no est\u00e9n sujetos a este tipo de circunstancias, agrego.<\/p>\n<p style=\"text-align: center;\"><iframe loading=\"lazy\" style=\"border: none; overflow: hidden;\" src=\"https:\/\/www.facebook.com\/plugins\/post.php?href=https%3A%2F%2Fwww.facebook.com%2Fpermalink.php%3Fstory_fbid%3Dpfbid0X5JHcapuyNfm3NwknbfJDZhTSt3BduczJV8jAvRMUYaXS5oJTsNj5yPJf9XowS4Al%26id%3D100528296070083&amp;show_text=true&amp;width=500\" width=\"500\" height=\"793\" frameborder=\"0\" scrolling=\"no\" allowfullscreen=\"allowfullscreen\"><\/iframe><\/p>\n","protected":false},"excerpt":{"rendered":"<p>Estuvieron reunidos para dar a conocer que hacen en favor de la ni\u00f1ez y adolescencia en el municipio de San Pedro Pinula, en esta actividad estuvieron presentes varios alcaldes y los encargados de las oficinas municipales de la ni\u00f1ez y adolescencia, dicha reuni\u00f3n fue convocada por UNICEF y la Fundaci\u00f3n Sobrevivientes, seg\u00fan lo dio a conocer Roberto Ram\u00edrez Guerra alcalde municipal de San Pedro Pinula. MIRA: Trabajan diferentes programas para ayudar a las comunidades Ellos estuvieron dando a conocer el trabajo que est\u00e1n haciendo en la municipalidad de San Pedro&hellip;<\/p>\n","protected":false},"author":2,"featured_media":7054,"comment_status":"open","ping_status":"open","sticky":false,"template":"","format":"standard","meta":{"footnotes":""},"categories":[3],"tags":[1883,1884],"class_list":["post-7063","post","type-post","status-publish","format-standard","has-post-thumbnail","hentry","category-locales","tag-de-seguir-trabajando","tag-por-la-ninez-y-adolescencia"],"gutentor_comment":0,"_links":{"self":[{"href":"https:\/\/www.notijalapa.net\/noticias\/wp-json\/wp\/v2\/posts\/7063","targetHints":{"allow":["GET"]}}],"collection":[{"href":"https:\/\/www.notijalapa.net\/noticias\/wp-json\/wp\/v2\/posts"}],"about":[{"href":"https:\/\/www.notijalapa.net\/noticias\/wp-json\/wp\/v2\/types\/post"}],"author":[{"embeddable":true,"href":"https:\/\/www.notijalapa.net\/noticias\/wp-json\/wp\/v2\/users\/2"}],"replies":[{"embeddable":true,"href":"https:\/\/www.notijalapa.net\/noticias\/wp-json\/wp\/v2\/comments?post=7063"}],"version-history":[{"count":2,"href":"https:\/\/www.notijalapa.net\/noticias\/wp-json\/wp\/v2\/posts\/7063\/revisions"}],"predecessor-version":[{"id":7072,"href":"https:\/\/www.notijalapa.net\/noticias\/wp-json\/wp\/v2\/posts\/7063\/revisions\/7072"}],"wp:featuredmedia":[{"embeddable":true,"href":"https:\/\/www.notijalapa.net\/noticias\/wp-json\/wp\/v2\/media\/7054"}],"wp:attachment":[{"href":"https:\/\/www.notijalapa.net\/noticias\/wp-json\/wp\/v2\/media?parent=7063"}],"wp:term":[{"taxonomy":"category","embeddable":true,"href":"https:\/\/www.notijalapa.net\/noticias\/wp-json\/wp\/v2\/categories?post=7063"},{"taxonomy":"post_tag","embeddable":true,"href":"https:\/\/www.notijalapa.net\/noticias\/wp-json\/wp\/v2\/tags?post=7063"}],"curies":[{"name":"wp","href":"https:\/\/api.w.org\/{rel}","templated":true}]}}