{"id":6872,"date":"2022-08-03T12:09:37","date_gmt":"2022-08-03T12:09:37","guid":{"rendered":"https:\/\/www.notijalapa.net\/noticias\/?p=6872"},"modified":"2022-08-03T12:25:31","modified_gmt":"2022-08-03T12:25:31","slug":"el-proximo-ano-con-el-cambio-en-la-entrega-de-refaccion-escolar-podria-subir-los-indices-de-desnutricion","status":"publish","type":"post","link":"https:\/\/www.notijalapa.net\/noticias\/2022\/08\/03\/el-proximo-ano-con-el-cambio-en-la-entrega-de-refaccion-escolar-podria-subir-los-indices-de-desnutricion\/","title":{"rendered":"El pr\u00f3ximo a\u00f1o con el cambio en la entrega de refacci\u00f3n escolar podr\u00eda subir los \u00edndices de desnutrici\u00f3n"},"content":{"rendered":"<p>La ley es clara y se debe de dar alimentaci\u00f3n en las escuelas, pero han visto una buena respuesta de parte de las familias, debido a que por la pandemia el alimento se les ha entregado a los ni\u00f1os en v\u00edveres y esto ha beneficiado mucho a las familias de ni\u00f1os que tienen desnutrici\u00f3n, seg\u00fan lo dio a conocer el Ing. Erick Orellana delegado de SESAN.<\/p>\n<p><a href=\"https:\/\/www.notijalapa.net\/noticias\/2022\/08\/03\/casos-de-desnutricion-han-disminuido-comparado-con-el-ano-pasado\/\">MIRA: Casos de desnutrici\u00f3n han disminuido comparado con el a\u00f1o pasado<\/a><\/p>\n<p>Ellos esperan que el pr\u00f3ximo a\u00f1o no se de un repunte de casos porque ya el alimento o refacci\u00f3n escolar, se va a dar dentro de las escuelas igual a como se hac\u00eda antes de la pandemia ya no en v\u00edveres como lo ven\u00edan haciendo, esto porque cuando entregan la bolsa de v\u00edveres toda la familia del ni\u00f1o que esta estudiando tenia algo para comer y ahora solo el ni\u00f1o que asiste a la escuela podr\u00e1 recibir su refacci\u00f3n.<\/p>\n<p><iframe loading=\"lazy\" title=\"El Pr\u00f3ximo A\u00f1o Con El Cambio En La Entrega De Refacci\u00f3n Escolar Podr\u00eda Subir Los \u00cdndices De Desnutri\" width=\"640\" height=\"360\" src=\"https:\/\/www.youtube.com\/embed\/S152e963idk?feature=oembed\" frameborder=\"0\" allow=\"accelerometer; autoplay; clipboard-write; encrypted-media; gyroscope; picture-in-picture; web-share\" referrerpolicy=\"strict-origin-when-cross-origin\" allowfullscreen><\/iframe><\/p>\n<p>Ellos como instituci\u00f3n han hechos las recomendaciones para que la modalidad siga siendo la misma, pero depende de las decisiones de las autoridades, ellos no podr\u00edan asegurar que en verdad se d\u00e9 un repunte de casos o no, porque eso se vera cuando se cambie la modalidad de la entrega de la refacci\u00f3n escolar.<\/p>\n<p style=\"text-align: center;\"><iframe loading=\"lazy\" style=\"border: none; overflow: hidden;\" src=\"https:\/\/www.facebook.com\/plugins\/post.php?href=https%3A%2F%2Fwww.facebook.com%2Fpermalink.php%3Fstory_fbid%3Dpfbid0wdHYXHhUGGuaT9G1oh9pgqyg9euRRVStoL32DFVizkQfM68NbJ1LqDptm981E3Njl%26id%3D100528296070083&amp;show_text=true&amp;width=500\" width=\"500\" height=\"793\" frameborder=\"0\" scrolling=\"no\" allowfullscreen=\"allowfullscreen\"><\/iframe><\/p>\n","protected":false},"excerpt":{"rendered":"<p>La ley es clara y se debe de dar alimentaci\u00f3n en las escuelas, pero han visto una buena respuesta de parte de las familias, debido a que por la pandemia el alimento se les ha entregado a los ni\u00f1os en v\u00edveres y esto ha beneficiado mucho a las familias de ni\u00f1os que tienen desnutrici\u00f3n, seg\u00fan lo dio a conocer el Ing. Erick Orellana delegado de SESAN. MIRA: Casos de desnutrici\u00f3n han disminuido comparado con el a\u00f1o pasado Ellos esperan que el pr\u00f3ximo a\u00f1o no se de un repunte de casos&hellip;<\/p>\n","protected":false},"author":2,"featured_media":6863,"comment_status":"open","ping_status":"open","sticky":false,"template":"","format":"standard","meta":{"footnotes":""},"categories":[3],"tags":[205,1831],"class_list":["post-6872","post","type-post","status-publish","format-standard","has-post-thumbnail","hentry","category-locales","tag-refaccion-escolar","tag-subir-los-indices-de-desnutricion"],"gutentor_comment":0,"_links":{"self":[{"href":"https:\/\/www.notijalapa.net\/noticias\/wp-json\/wp\/v2\/posts\/6872","targetHints":{"allow":["GET"]}}],"collection":[{"href":"https:\/\/www.notijalapa.net\/noticias\/wp-json\/wp\/v2\/posts"}],"about":[{"href":"https:\/\/www.notijalapa.net\/noticias\/wp-json\/wp\/v2\/types\/post"}],"author":[{"embeddable":true,"href":"https:\/\/www.notijalapa.net\/noticias\/wp-json\/wp\/v2\/users\/2"}],"replies":[{"embeddable":true,"href":"https:\/\/www.notijalapa.net\/noticias\/wp-json\/wp\/v2\/comments?post=6872"}],"version-history":[{"count":2,"href":"https:\/\/www.notijalapa.net\/noticias\/wp-json\/wp\/v2\/posts\/6872\/revisions"}],"predecessor-version":[{"id":6877,"href":"https:\/\/www.notijalapa.net\/noticias\/wp-json\/wp\/v2\/posts\/6872\/revisions\/6877"}],"wp:featuredmedia":[{"embeddable":true,"href":"https:\/\/www.notijalapa.net\/noticias\/wp-json\/wp\/v2\/media\/6863"}],"wp:attachment":[{"href":"https:\/\/www.notijalapa.net\/noticias\/wp-json\/wp\/v2\/media?parent=6872"}],"wp:term":[{"taxonomy":"category","embeddable":true,"href":"https:\/\/www.notijalapa.net\/noticias\/wp-json\/wp\/v2\/categories?post=6872"},{"taxonomy":"post_tag","embeddable":true,"href":"https:\/\/www.notijalapa.net\/noticias\/wp-json\/wp\/v2\/tags?post=6872"}],"curies":[{"name":"wp","href":"https:\/\/api.w.org\/{rel}","templated":true}]}}