{"id":6870,"date":"2022-08-03T12:08:51","date_gmt":"2022-08-03T12:08:51","guid":{"rendered":"https:\/\/www.notijalapa.net\/noticias\/?p=6870"},"modified":"2022-08-03T12:26:27","modified_gmt":"2022-08-03T12:26:27","slug":"desde-los-13-anos-pueden-ser-juzgados-penalmente","status":"publish","type":"post","link":"https:\/\/www.notijalapa.net\/noticias\/2022\/08\/03\/desde-los-13-anos-pueden-ser-juzgados-penalmente\/","title":{"rendered":"Desde los 13 a\u00f1os pueden ser juzgados penalmente"},"content":{"rendered":"<p>Al tener ya 13 a\u00f1os los adolescentes, si comenten una infracci\u00f3n a la ley, deben de ser sancionados penalmente, esto a trav\u00e9s del proceso de adolescentes en conflicto con la ley penal, ante los indicios o pocos indicios que se tengan para establecer si hay participaci\u00f3n activa en alg\u00fan delito corresponden las diligencias al Ministerio P\u00fablico y la PNC, seg\u00fan lo dio a conocer el Lic. Luis M\u00e9ndez delegado de la PGN.<\/p>\n<p><a href=\"https:\/\/www.notijalapa.net\/noticias\/2022\/08\/03\/instituciones-no-pueden-centralizar-la-informacion\/\">MIRA: Instituciones no pueden centralizar la informaci\u00f3n<\/a><\/p>\n<p>Ellos como instituci\u00f3n cuando se est\u00e1 afectando derechos as\u00ed mismo, a\u00fan as\u00ed est\u00e9n cometiendo il\u00edcitos como utilizando sustancias que producen dependencia, en esos casos si deben de intervenir a efecto de restituirles el derecho a la salud, como situaci\u00f3n principal, pero en las situaciones donde se esta afectado la integridad de otra persona es necesario que se realicen las investigaciones por parte del ente investigador para establecer la responsabilidad penal.<\/p>\n<p><iframe loading=\"lazy\" title=\"Desde Los 13 A\u00f1os Pueden Ser Juzgados Penalmente 1\" width=\"640\" height=\"360\" src=\"https:\/\/www.youtube.com\/embed\/WO1QnG8ROPw?feature=oembed\" frameborder=\"0\" allow=\"accelerometer; autoplay; clipboard-write; encrypted-media; gyroscope; picture-in-picture; web-share\" referrerpolicy=\"strict-origin-when-cross-origin\" allowfullscreen><\/iframe><\/p>\n<p>Como instituci\u00f3n si han tenido casos que son objetos por una tercera persona que los toman para situaciones que sean il\u00edcitas y han tenido proceso de protecci\u00f3n en las que se ventila esta situaci\u00f3n y a la vez el proceso penal paralelamente, pero ellos intentan restituirles los derechos en la manera de los posible cuando se est\u00e1n afectando as\u00ed mismo estos derechos.<\/p>\n<p style=\"text-align: center;\"><iframe loading=\"lazy\" style=\"border: none; overflow: hidden;\" src=\"https:\/\/www.facebook.com\/plugins\/post.php?href=https%3A%2F%2Fwww.facebook.com%2Fpermalink.php%3Fstory_fbid%3Dpfbid0ZAX1cRpquZj9tCydxU7MCr59gk7FwmZKpNLhR9j28HN87ux46TkKyRKrrMJCEM12l%26id%3D100528296070083&amp;show_text=true&amp;width=500\" width=\"500\" height=\"793\" frameborder=\"0\" scrolling=\"no\" allowfullscreen=\"allowfullscreen\"><\/iframe><\/p>\n","protected":false},"excerpt":{"rendered":"<p>Al tener ya 13 a\u00f1os los adolescentes, si comenten una infracci\u00f3n a la ley, deben de ser sancionados penalmente, esto a trav\u00e9s del proceso de adolescentes en conflicto con la ley penal, ante los indicios o pocos indicios que se tengan para establecer si hay participaci\u00f3n activa en alg\u00fan delito corresponden las diligencias al Ministerio P\u00fablico y la PNC, seg\u00fan lo dio a conocer el Lic. Luis M\u00e9ndez delegado de la PGN. MIRA: Instituciones no pueden centralizar la informaci\u00f3n Ellos como instituci\u00f3n cuando se est\u00e1 afectando derechos as\u00ed mismo, a\u00fan&hellip;<\/p>\n","protected":false},"author":2,"featured_media":6862,"comment_status":"open","ping_status":"open","sticky":false,"template":"","format":"standard","meta":{"footnotes":""},"categories":[3],"tags":[1829,1830],"class_list":["post-6870","post","type-post","status-publish","format-standard","has-post-thumbnail","hentry","category-locales","tag-desde-los-13-anos","tag-pueden-ser-juzgados-penalmente"],"gutentor_comment":0,"_links":{"self":[{"href":"https:\/\/www.notijalapa.net\/noticias\/wp-json\/wp\/v2\/posts\/6870","targetHints":{"allow":["GET"]}}],"collection":[{"href":"https:\/\/www.notijalapa.net\/noticias\/wp-json\/wp\/v2\/posts"}],"about":[{"href":"https:\/\/www.notijalapa.net\/noticias\/wp-json\/wp\/v2\/types\/post"}],"author":[{"embeddable":true,"href":"https:\/\/www.notijalapa.net\/noticias\/wp-json\/wp\/v2\/users\/2"}],"replies":[{"embeddable":true,"href":"https:\/\/www.notijalapa.net\/noticias\/wp-json\/wp\/v2\/comments?post=6870"}],"version-history":[{"count":2,"href":"https:\/\/www.notijalapa.net\/noticias\/wp-json\/wp\/v2\/posts\/6870\/revisions"}],"predecessor-version":[{"id":6878,"href":"https:\/\/www.notijalapa.net\/noticias\/wp-json\/wp\/v2\/posts\/6870\/revisions\/6878"}],"wp:featuredmedia":[{"embeddable":true,"href":"https:\/\/www.notijalapa.net\/noticias\/wp-json\/wp\/v2\/media\/6862"}],"wp:attachment":[{"href":"https:\/\/www.notijalapa.net\/noticias\/wp-json\/wp\/v2\/media?parent=6870"}],"wp:term":[{"taxonomy":"category","embeddable":true,"href":"https:\/\/www.notijalapa.net\/noticias\/wp-json\/wp\/v2\/categories?post=6870"},{"taxonomy":"post_tag","embeddable":true,"href":"https:\/\/www.notijalapa.net\/noticias\/wp-json\/wp\/v2\/tags?post=6870"}],"curies":[{"name":"wp","href":"https:\/\/api.w.org\/{rel}","templated":true}]}}