{"id":6866,"date":"2022-08-03T12:07:45","date_gmt":"2022-08-03T12:07:45","guid":{"rendered":"https:\/\/www.notijalapa.net\/noticias\/?p=6866"},"modified":"2022-08-03T12:28:40","modified_gmt":"2022-08-03T12:28:40","slug":"casos-de-desnutricion-han-disminuido-comparado-con-el-ano-pasado","status":"publish","type":"post","link":"https:\/\/www.notijalapa.net\/noticias\/2022\/08\/03\/casos-de-desnutricion-han-disminuido-comparado-con-el-ano-pasado\/","title":{"rendered":"Casos de desnutrici\u00f3n han disminuido comparado con el a\u00f1o pasado"},"content":{"rendered":"<p>Seg\u00fan los reportes que ha proporcionado el Ministerio de Salud P\u00fablica y Asistencia Social, la desnutrici\u00f3n aguda en el departamento de Jalapa se ha tenido un descenso esto comparado en la cantidad de casos del a\u00f1o pasado, seg\u00fan lo dio a conocer el Ing. Erick Orellana delegado de SESAN.<\/p>\n<p><a href=\"https:\/\/www.notijalapa.net\/noticias\/2022\/08\/03\/el-proximo-ano-con-el-cambio-en-la-entrega-de-refaccion-escolar-podria-subir-los-indices-de-desnutricion\/\">MIRA: El pr\u00f3ximo a\u00f1o con el cambio en la entrega de refacci\u00f3n escolar podr\u00eda subir los \u00edndices de desnutrici\u00f3n<\/a><\/p>\n<p>En este a\u00f1o 2022 tienen reportados 150 casos de ni\u00f1os con desnutrici\u00f3n en el departamento, comparado con el a\u00f1o 2010 que se reportaban m\u00e1s de mil casos, ha ido disminuyendo cada a\u00f1o.<\/p>\n<p><iframe loading=\"lazy\" title=\"Casos De Desnutrici\u00f3n Han Disminuido Comparado Con El A\u00f1o Pasado 1\" width=\"640\" height=\"360\" src=\"https:\/\/www.youtube.com\/embed\/Q4gT-hOvXYI?feature=oembed\" frameborder=\"0\" allow=\"accelerometer; autoplay; clipboard-write; encrypted-media; gyroscope; picture-in-picture; web-share\" referrerpolicy=\"strict-origin-when-cross-origin\" allowfullscreen><\/iframe><\/p>\n<p>Uno de los factores que ha favorecido en bajar los \u00edndices de desnutrici\u00f3n fue la entrega de la refacci\u00f3n escolar en v\u00edveres, eso ha venido a contribuir a que los ni\u00f1os tengan algo que comer en la casa y que la desnutrici\u00f3n cada vez sea menos.<\/p>\n<p>As\u00ed mismo los diferentes programas sociales que se han implementado y las diferentes ayudas que han dado en el departamento, esos han sido factores fundamentales para que los \u00edndices de desnutrici\u00f3n en Jalapa no se eleven que cada vez sean menos ni\u00f1os que sufren de la desnutrici\u00f3n.<\/p>\n<p>Para el pr\u00f3ximo a\u00f1o, la refacci\u00f3n escolar podr\u00eda regresar a la modalidad que ten\u00edan antes de la pandemia y para evitar que se incremente la desnutrici\u00f3n ya se han pronunciado al respecto, puntualizo Orellana.<\/p>\n<p style=\"text-align: center;\"><iframe loading=\"lazy\" style=\"border: none; overflow: hidden;\" src=\"https:\/\/www.facebook.com\/plugins\/post.php?href=https%3A%2F%2Fwww.facebook.com%2Fpermalink.php%3Fstory_fbid%3Dpfbid0218Jmip7QGRTGB6bQ11H1953vDfm14xHCBUZtQeuQD1kpCXNcQwNVWWbTHMi7DtaJl%26id%3D100528296070083&amp;show_text=true&amp;width=500\" width=\"500\" height=\"812\" frameborder=\"0\" scrolling=\"no\" allowfullscreen=\"allowfullscreen\"><\/iframe><\/p>\n","protected":false},"excerpt":{"rendered":"<p>Seg\u00fan los reportes que ha proporcionado el Ministerio de Salud P\u00fablica y Asistencia Social, la desnutrici\u00f3n aguda en el departamento de Jalapa se ha tenido un descenso esto comparado en la cantidad de casos del a\u00f1o pasado, seg\u00fan lo dio a conocer el Ing. Erick Orellana delegado de SESAN. MIRA: El pr\u00f3ximo a\u00f1o con el cambio en la entrega de refacci\u00f3n escolar podr\u00eda subir los \u00edndices de desnutrici\u00f3n En este a\u00f1o 2022 tienen reportados 150 casos de ni\u00f1os con desnutrici\u00f3n en el departamento, comparado con el a\u00f1o 2010 que se&hellip;<\/p>\n","protected":false},"author":2,"featured_media":6863,"comment_status":"open","ping_status":"open","sticky":false,"template":"","format":"standard","meta":{"footnotes":""},"categories":[3],"tags":[1826,1250],"class_list":["post-6866","post","type-post","status-publish","format-standard","has-post-thumbnail","hentry","category-locales","tag-casos-de-desnutricion","tag-han-disminuido"],"gutentor_comment":0,"_links":{"self":[{"href":"https:\/\/www.notijalapa.net\/noticias\/wp-json\/wp\/v2\/posts\/6866","targetHints":{"allow":["GET"]}}],"collection":[{"href":"https:\/\/www.notijalapa.net\/noticias\/wp-json\/wp\/v2\/posts"}],"about":[{"href":"https:\/\/www.notijalapa.net\/noticias\/wp-json\/wp\/v2\/types\/post"}],"author":[{"embeddable":true,"href":"https:\/\/www.notijalapa.net\/noticias\/wp-json\/wp\/v2\/users\/2"}],"replies":[{"embeddable":true,"href":"https:\/\/www.notijalapa.net\/noticias\/wp-json\/wp\/v2\/comments?post=6866"}],"version-history":[{"count":2,"href":"https:\/\/www.notijalapa.net\/noticias\/wp-json\/wp\/v2\/posts\/6866\/revisions"}],"predecessor-version":[{"id":6880,"href":"https:\/\/www.notijalapa.net\/noticias\/wp-json\/wp\/v2\/posts\/6866\/revisions\/6880"}],"wp:featuredmedia":[{"embeddable":true,"href":"https:\/\/www.notijalapa.net\/noticias\/wp-json\/wp\/v2\/media\/6863"}],"wp:attachment":[{"href":"https:\/\/www.notijalapa.net\/noticias\/wp-json\/wp\/v2\/media?parent=6866"}],"wp:term":[{"taxonomy":"category","embeddable":true,"href":"https:\/\/www.notijalapa.net\/noticias\/wp-json\/wp\/v2\/categories?post=6866"},{"taxonomy":"post_tag","embeddable":true,"href":"https:\/\/www.notijalapa.net\/noticias\/wp-json\/wp\/v2\/tags?post=6866"}],"curies":[{"name":"wp","href":"https:\/\/api.w.org\/{rel}","templated":true}]}}