{"id":6611,"date":"2022-07-21T12:06:33","date_gmt":"2022-07-21T12:06:33","guid":{"rendered":"https:\/\/www.notijalapa.net\/noticias\/?p=6611"},"modified":"2022-07-21T12:18:49","modified_gmt":"2022-07-21T12:18:49","slug":"tomen-en-cuenta-las-recomendaciones-por-los-rayos-ultra-violeta","status":"publish","type":"post","link":"https:\/\/www.notijalapa.net\/noticias\/2022\/07\/21\/tomen-en-cuenta-las-recomendaciones-por-los-rayos-ultra-violeta\/","title":{"rendered":"Tomen en cuenta las recomendaciones por los rayos ultra violeta"},"content":{"rendered":"<p>Estamos en la etapa de la can\u00edcula, en donde los rayos del sol se incrementan y estos llegan a causar grandes da\u00f1os en la piel de las personas, por lo tanto, es recomendable tener todas las medidas de prevenci\u00f3n, seg\u00fan lo dio a conocer el Oficial de Bomberos Voluntarios Cesar Vela.<\/p>\n<p><a href=\"https:\/\/www.notijalapa.net\/noticias\/2022\/07\/21\/iniciaran-con-la-evaluacion-de-los-portales-de-las-municipalidades\/\">MIRA: Iniciaran con la evaluaci\u00f3n de los portales de las municipalidades<\/a><\/p>\n<p>Hace un llamado a todas aquellas personas que, si van a salir, que usen camisa manga larga, que no se expongan mucho al sol, que lleven siempre una sombrilla y sobre todo que se apliquen bloqueador solar, porque los rayos ultra violeta llegan a causa quemaduras de primer grado.<\/p>\n<p><iframe loading=\"lazy\" title=\"Tomen En Cuenta Las Recomendaciones Por Los Rayos Ultra Violeta 1\" width=\"640\" height=\"360\" src=\"https:\/\/www.youtube.com\/embed\/YozNc4M5CHg?feature=oembed\" frameborder=\"0\" allow=\"accelerometer; autoplay; clipboard-write; encrypted-media; gyroscope; picture-in-picture; web-share\" referrerpolicy=\"strict-origin-when-cross-origin\" allowfullscreen><\/iframe><\/p>\n<p>As\u00ed mismo, pide a las personas que cuando vean a una persona indigente en el sol, que le hable o lo pasen para un lugar donde haya sombra, porque el sol tambi\u00e9n ocasiona la muerte.<\/p>\n<p style=\"text-align: center;\"><iframe loading=\"lazy\" style=\"border: none; overflow: hidden;\" src=\"https:\/\/www.facebook.com\/plugins\/post.php?href=https%3A%2F%2Fwww.facebook.com%2Fpermalink.php%3Fstory_fbid%3Dpfbid0khkV3Ny3gTktZrc5ncTCSmPvzxYA8vzXvYAvUDzdfrwf2XqGv6xK2svSUeqJjE5Ml%26id%3D100528296070083&amp;show_text=true&amp;width=500\" width=\"500\" height=\"793\" frameborder=\"0\" scrolling=\"no\" allowfullscreen=\"allowfullscreen\"><\/iframe><\/p>\n","protected":false},"excerpt":{"rendered":"<p>Estamos en la etapa de la can\u00edcula, en donde los rayos del sol se incrementan y estos llegan a causar grandes da\u00f1os en la piel de las personas, por lo tanto, es recomendable tener todas las medidas de prevenci\u00f3n, seg\u00fan lo dio a conocer el Oficial de Bomberos Voluntarios Cesar Vela. MIRA: Iniciaran con la evaluaci\u00f3n de los portales de las municipalidades Hace un llamado a todas aquellas personas que, si van a salir, que usen camisa manga larga, que no se expongan mucho al sol, que lleven siempre una&hellip;<\/p>\n","protected":false},"author":2,"featured_media":6606,"comment_status":"open","ping_status":"open","sticky":false,"template":"","format":"standard","meta":{"footnotes":""},"categories":[3],"tags":[1726,1725],"class_list":["post-6611","post","type-post","status-publish","format-standard","has-post-thumbnail","hentry","category-locales","tag-por-los-rayos-ultra-violeta","tag-tomen-en-cuenta-las-recomendaciones"],"gutentor_comment":0,"_links":{"self":[{"href":"https:\/\/www.notijalapa.net\/noticias\/wp-json\/wp\/v2\/posts\/6611","targetHints":{"allow":["GET"]}}],"collection":[{"href":"https:\/\/www.notijalapa.net\/noticias\/wp-json\/wp\/v2\/posts"}],"about":[{"href":"https:\/\/www.notijalapa.net\/noticias\/wp-json\/wp\/v2\/types\/post"}],"author":[{"embeddable":true,"href":"https:\/\/www.notijalapa.net\/noticias\/wp-json\/wp\/v2\/users\/2"}],"replies":[{"embeddable":true,"href":"https:\/\/www.notijalapa.net\/noticias\/wp-json\/wp\/v2\/comments?post=6611"}],"version-history":[{"count":2,"href":"https:\/\/www.notijalapa.net\/noticias\/wp-json\/wp\/v2\/posts\/6611\/revisions"}],"predecessor-version":[{"id":6623,"href":"https:\/\/www.notijalapa.net\/noticias\/wp-json\/wp\/v2\/posts\/6611\/revisions\/6623"}],"wp:featuredmedia":[{"embeddable":true,"href":"https:\/\/www.notijalapa.net\/noticias\/wp-json\/wp\/v2\/media\/6606"}],"wp:attachment":[{"href":"https:\/\/www.notijalapa.net\/noticias\/wp-json\/wp\/v2\/media?parent=6611"}],"wp:term":[{"taxonomy":"category","embeddable":true,"href":"https:\/\/www.notijalapa.net\/noticias\/wp-json\/wp\/v2\/categories?post=6611"},{"taxonomy":"post_tag","embeddable":true,"href":"https:\/\/www.notijalapa.net\/noticias\/wp-json\/wp\/v2\/tags?post=6611"}],"curies":[{"name":"wp","href":"https:\/\/api.w.org\/{rel}","templated":true}]}}