{"id":6495,"date":"2022-07-15T12:07:49","date_gmt":"2022-07-15T12:07:49","guid":{"rendered":"https:\/\/www.notijalapa.net\/noticias\/?p=6495"},"modified":"2022-07-15T12:18:45","modified_gmt":"2022-07-15T12:18:45","slug":"realizan-evaluaciones-sobre-los-danos-por-las-lluvias-en-jalapa","status":"publish","type":"post","link":"https:\/\/www.notijalapa.net\/noticias\/2022\/07\/15\/realizan-evaluaciones-sobre-los-danos-por-las-lluvias-en-jalapa\/","title":{"rendered":"Realizan evaluaciones sobre los da\u00f1os por las lluvias en Jalapa"},"content":{"rendered":"<p>Hay un equipo conformado por personal de la Coordinadora Nacional para la Reducci\u00f3n de Desastres que viene a realizar las evaluaciones de da\u00f1os en viviendas que causo la primera temporada de luvias en Jalapa, seg\u00fan lo dio a conocer Jos\u00e9 Bola\u00f1os delegado de la CONRED en Jalapa.<\/p>\n<p><a href=\"https:\/\/www.notijalapa.net\/noticias\/2022\/07\/15\/en-la-primera-quincena-de-julio-ya-se-han-activado-7-alertas-alba-kenneth\/\">MIRA: En la primera quincena de julio ya se han activado 7 alertas Alba-Kenneth<\/a><\/p>\n<p>Ellos como primera respuesta realizan una evaluaci\u00f3n para iniciar con las gestiones de asistencia humanitaria, actualmente est\u00e1n haciendo estas evaluaciones para cuantificar los da\u00f1os a nivel del departamento, para ver que viviendas tuvieron da\u00f1os severos.<\/p>\n<p><iframe loading=\"lazy\" title=\"Realizan Evaluaciones Sobre Los Da\u00f1os Por Las Lluvias En Jalapa 1\" width=\"640\" height=\"360\" src=\"https:\/\/www.youtube.com\/embed\/UNXCUVRR6rM?feature=oembed\" frameborder=\"0\" allow=\"accelerometer; autoplay; clipboard-write; encrypted-media; gyroscope; picture-in-picture; web-share\" referrerpolicy=\"strict-origin-when-cross-origin\" allowfullscreen><\/iframe><\/p>\n<p>Son varios los criterios que est\u00e1n tomando para realizar estas evaluaciones, debido a que necesitan un dato especifico para ver cuantas viviendas sufrieron da\u00f1os severos en el departamento de Jalapa, para tener un dato real y continuar los procesos en el tema de recuperaci\u00f3n.<\/p>\n<p style=\"text-align: center;\"><iframe loading=\"lazy\" style=\"border: none; overflow: hidden;\" src=\"https:\/\/www.facebook.com\/plugins\/post.php?href=https%3A%2F%2Fwww.facebook.com%2Fpermalink.php%3Fstory_fbid%3Dpfbid02oVNpeDxXXDsbpSyigyxxFtBa85MAVvEkrNd9AG5Tvkmb4w2P7inoUSW7g5KHU9qHl%26id%3D100528296070083&amp;show_text=true&amp;width=500\" width=\"500\" height=\"774\" frameborder=\"0\" scrolling=\"no\" allowfullscreen=\"allowfullscreen\"><\/iframe><\/p>\n","protected":false},"excerpt":{"rendered":"<p>Hay un equipo conformado por personal de la Coordinadora Nacional para la Reducci\u00f3n de Desastres que viene a realizar las evaluaciones de da\u00f1os en viviendas que causo la primera temporada de luvias en Jalapa, seg\u00fan lo dio a conocer Jos\u00e9 Bola\u00f1os delegado de la CONRED en Jalapa. MIRA: En la primera quincena de julio ya se han activado 7 alertas Alba-Kenneth Ellos como primera respuesta realizan una evaluaci\u00f3n para iniciar con las gestiones de asistencia humanitaria, actualmente est\u00e1n haciendo estas evaluaciones para cuantificar los da\u00f1os a nivel del departamento, para&hellip;<\/p>\n","protected":false},"author":2,"featured_media":6485,"comment_status":"open","ping_status":"open","sticky":false,"template":"","format":"standard","meta":{"footnotes":""},"categories":[3],"tags":[1683,1684],"class_list":["post-6495","post","type-post","status-publish","format-standard","has-post-thumbnail","hentry","category-locales","tag-realizan-evaluaciones","tag-sobre-los-danos-por-las-lluvias"],"gutentor_comment":0,"_links":{"self":[{"href":"https:\/\/www.notijalapa.net\/noticias\/wp-json\/wp\/v2\/posts\/6495","targetHints":{"allow":["GET"]}}],"collection":[{"href":"https:\/\/www.notijalapa.net\/noticias\/wp-json\/wp\/v2\/posts"}],"about":[{"href":"https:\/\/www.notijalapa.net\/noticias\/wp-json\/wp\/v2\/types\/post"}],"author":[{"embeddable":true,"href":"https:\/\/www.notijalapa.net\/noticias\/wp-json\/wp\/v2\/users\/2"}],"replies":[{"embeddable":true,"href":"https:\/\/www.notijalapa.net\/noticias\/wp-json\/wp\/v2\/comments?post=6495"}],"version-history":[{"count":3,"href":"https:\/\/www.notijalapa.net\/noticias\/wp-json\/wp\/v2\/posts\/6495\/revisions"}],"predecessor-version":[{"id":6498,"href":"https:\/\/www.notijalapa.net\/noticias\/wp-json\/wp\/v2\/posts\/6495\/revisions\/6498"}],"wp:featuredmedia":[{"embeddable":true,"href":"https:\/\/www.notijalapa.net\/noticias\/wp-json\/wp\/v2\/media\/6485"}],"wp:attachment":[{"href":"https:\/\/www.notijalapa.net\/noticias\/wp-json\/wp\/v2\/media?parent=6495"}],"wp:term":[{"taxonomy":"category","embeddable":true,"href":"https:\/\/www.notijalapa.net\/noticias\/wp-json\/wp\/v2\/categories?post=6495"},{"taxonomy":"post_tag","embeddable":true,"href":"https:\/\/www.notijalapa.net\/noticias\/wp-json\/wp\/v2\/tags?post=6495"}],"curies":[{"name":"wp","href":"https:\/\/api.w.org\/{rel}","templated":true}]}}