{"id":6480,"date":"2022-07-15T12:03:55","date_gmt":"2022-07-15T12:03:55","guid":{"rendered":"https:\/\/www.notijalapa.net\/noticias\/?p=6480"},"modified":"2022-07-15T12:24:30","modified_gmt":"2022-07-15T12:24:30","slug":"en-la-primera-quincena-de-julio-ya-se-han-activado-7-alertas-alba-kenneth","status":"publish","type":"post","link":"https:\/\/www.notijalapa.net\/noticias\/2022\/07\/15\/en-la-primera-quincena-de-julio-ya-se-han-activado-7-alertas-alba-kenneth\/","title":{"rendered":"En la primera quincena de julio ya se han activado 7 alertas Alba-Kenneth"},"content":{"rendered":"<p>La Procuradur\u00eda General de la Naci\u00f3n, contin\u00faa realizando todo el procedimiento administrativo y judicial en concepto de las activaciones y desactivaciones de las alertas Alba-Kenneth, seg\u00fan lo dio a conocer el Lic. Luis M\u00e9ndez delegado de PGN en Jalapa.<\/p>\n<p><a href=\"https:\/\/www.notijalapa.net\/noticias\/2022\/07\/15\/realizan-evaluaciones-sobre-los-danos-por-las-lluvias-en-jalapa\/\">MIRA: Realizan evaluaciones sobre los da\u00f1os por las lluvias en Jalapa<\/a><\/p>\n<p>En lo que va del a\u00f1o, tienen 66 registros de alertas Alba-Kenneth activadas en el departamento de Jalapa, de las cuelas en su mayor\u00eda ya han sido desactivadas, esto gracias a la coordinaci\u00f3n que tienen con las instituciones encargadas para la localizaci\u00f3n de los menores.<\/p>\n<p><iframe loading=\"lazy\" title=\"En La Primera Quincena De Julio Ya Se Han Activado 7 Alertas Alba Kenneth 1\" width=\"640\" height=\"360\" src=\"https:\/\/www.youtube.com\/embed\/-vrB0s30FS0?feature=oembed\" frameborder=\"0\" allow=\"accelerometer; autoplay; clipboard-write; encrypted-media; gyroscope; picture-in-picture; web-share\" referrerpolicy=\"strict-origin-when-cross-origin\" allowfullscreen><\/iframe><\/p>\n<p>Solo en lo que va de este mes de julio se ha realizado la activaci\u00f3n de 07 alertas Alba-Kenneth en el departamento, y a la vez en su mayor\u00eda se han desactivado, esto porque debido a las investigaciones se ha logrado dar con los menores.<\/p>\n<p style=\"text-align: center;\"><iframe loading=\"lazy\" style=\"border: none; overflow: hidden;\" src=\"https:\/\/www.facebook.com\/plugins\/post.php?href=https%3A%2F%2Fwww.facebook.com%2Fpermalink.php%3Fstory_fbid%3Dpfbid0uARowKWjyGvTii7nRcBCcainXhcCqfqWzQK6FvfmEn3VDX8vXTaNCDERteE26k2vl%26id%3D100528296070083&amp;show_text=true&amp;width=500\" width=\"500\" height=\"755\" frameborder=\"0\" scrolling=\"no\" allowfullscreen=\"allowfullscreen\"><\/iframe><\/p>\n","protected":false},"excerpt":{"rendered":"<p>La Procuradur\u00eda General de la Naci\u00f3n, contin\u00faa realizando todo el procedimiento administrativo y judicial en concepto de las activaciones y desactivaciones de las alertas Alba-Kenneth, seg\u00fan lo dio a conocer el Lic. Luis M\u00e9ndez delegado de PGN en Jalapa. MIRA: Realizan evaluaciones sobre los da\u00f1os por las lluvias en Jalapa En lo que va del a\u00f1o, tienen 66 registros de alertas Alba-Kenneth activadas en el departamento de Jalapa, de las cuelas en su mayor\u00eda ya han sido desactivadas, esto gracias a la coordinaci\u00f3n que tienen con las instituciones encargadas para&hellip;<\/p>\n","protected":false},"author":2,"featured_media":6481,"comment_status":"open","ping_status":"open","sticky":false,"template":"","format":"standard","meta":{"footnotes":""},"categories":[3],"tags":[1673,1674],"class_list":["post-6480","post","type-post","status-publish","format-standard","has-post-thumbnail","hentry","category-locales","tag-en-la-primera-quincena-de-julio","tag-ya-se-han-activado-7-alertas-alba-kenneth"],"gutentor_comment":0,"_links":{"self":[{"href":"https:\/\/www.notijalapa.net\/noticias\/wp-json\/wp\/v2\/posts\/6480","targetHints":{"allow":["GET"]}}],"collection":[{"href":"https:\/\/www.notijalapa.net\/noticias\/wp-json\/wp\/v2\/posts"}],"about":[{"href":"https:\/\/www.notijalapa.net\/noticias\/wp-json\/wp\/v2\/types\/post"}],"author":[{"embeddable":true,"href":"https:\/\/www.notijalapa.net\/noticias\/wp-json\/wp\/v2\/users\/2"}],"replies":[{"embeddable":true,"href":"https:\/\/www.notijalapa.net\/noticias\/wp-json\/wp\/v2\/comments?post=6480"}],"version-history":[{"count":2,"href":"https:\/\/www.notijalapa.net\/noticias\/wp-json\/wp\/v2\/posts\/6480\/revisions"}],"predecessor-version":[{"id":6503,"href":"https:\/\/www.notijalapa.net\/noticias\/wp-json\/wp\/v2\/posts\/6480\/revisions\/6503"}],"wp:featuredmedia":[{"embeddable":true,"href":"https:\/\/www.notijalapa.net\/noticias\/wp-json\/wp\/v2\/media\/6481"}],"wp:attachment":[{"href":"https:\/\/www.notijalapa.net\/noticias\/wp-json\/wp\/v2\/media?parent=6480"}],"wp:term":[{"taxonomy":"category","embeddable":true,"href":"https:\/\/www.notijalapa.net\/noticias\/wp-json\/wp\/v2\/categories?post=6480"},{"taxonomy":"post_tag","embeddable":true,"href":"https:\/\/www.notijalapa.net\/noticias\/wp-json\/wp\/v2\/tags?post=6480"}],"curies":[{"name":"wp","href":"https:\/\/api.w.org\/{rel}","templated":true}]}}