{"id":6461,"date":"2022-07-14T11:53:47","date_gmt":"2022-07-14T11:53:47","guid":{"rendered":"https:\/\/www.notijalapa.net\/noticias\/?p=6461"},"modified":"2022-07-14T12:07:23","modified_gmt":"2022-07-14T12:07:23","slug":"en-su-segundo-ataque-fue-asesinado-y-capturan-al-presunto-responsable","status":"publish","type":"post","link":"https:\/\/www.notijalapa.net\/noticias\/2022\/07\/14\/en-su-segundo-ataque-fue-asesinado-y-capturan-al-presunto-responsable\/","title":{"rendered":"En su segundo ataque fue asesinado y capturan al presunto responsable"},"content":{"rendered":"<p>En la 7ma. Avenida entre 4ta. y 5ta. calle en la zona 1 del barrio La Democracia, en Jalapa, se reporta un ataque armado, en el lugar queda fallecida una persona de sexo masculino, quien minutos m\u00e1s tarde fue identificado como Alexis Vladimir Sandoval Cante; de 17 a\u00f1os.<\/p>\n<p><a href=\"https:\/\/www.notijalapa.net\/noticias\/2022\/07\/14\/lo-capturan-por-haber-herido-a-una-mujer-hace-tres-meses\/\">MIRA: Lo capturan por haber herido a una mujer hace tres meses<\/a><\/p>\n<p>Seg\u00fan el Bombero Voluntario Jaime Aguilar, esta persona presentaba m\u00faltiples impactos de proyectiles de arma de fuego, mismos que le quitaron la vida de manera instant\u00e1nea, ellos a su arribo evaluaron los signos vitales e intentaron darle resucitaci\u00f3n cardio pulmonar, pero los resultados fueron negativos.<\/p>\n<p><iframe loading=\"lazy\" title=\"En su segundo ataque fue asesinado y capturan al presunto responsable\" width=\"640\" height=\"360\" src=\"https:\/\/www.youtube.com\/embed\/qVgCqxoA6Z0?feature=oembed\" frameborder=\"0\" allow=\"accelerometer; autoplay; clipboard-write; encrypted-media; gyroscope; picture-in-picture; web-share\" referrerpolicy=\"strict-origin-when-cross-origin\" allowfullscreen><\/iframe><\/p>\n<p>Al lugar se hicieron presentes agentes de la Polic\u00eda Nacional Civil, quienes coordinaron la presencia del Auxiliar Fiscal del Ministerio P\u00fablico quien lleg\u00f3 acompa\u00f1ado de peritos en recolecci\u00f3n de evidencias, con el objetivo de suscribir el acta de rigor de levantamiento del cad\u00e1ver y culminar las diligencias con remitir el cuerpo a la morgue del Instituto Nacional en Ciencias Forenses para que le practiquen la necropsia correspondiente.<\/p>\n<p>Cabe mencionar que en los archivos aparece que Sandoval Cante, fue atacado a tiros el 28 de abril del a\u00f1o 2018, en Colonia Los Eucaliptos, en ese entonces ten\u00eda 12 a\u00f1os. Tambi\u00e9n fue herido un joven de 17 a\u00f1os quien le acompa\u00f1aba en ese momento.<\/p>\n<p>Como resultado de un allanamiento agentes investigadores en coordinaci\u00f3n con Fiscales del Ministerio P\u00fablico, en la 7ma. avenida y 3ra. calle, en el barrio La Democracia, zona 1 de Jalapa, realizan la aprehensi\u00f3n de Erick Ren\u00e9 Galicia P\u00e9rez; de 22 a\u00f1os, quien es acusado de homicidio y homicidio en grado de tentativa, orden girada por el Juzgado de Primera Instancia Penal Narcoactividad y Delitos Contra el Ambiente de ese departamento, de fecha 13 de julio del a\u00f1o 2022.<\/p>\n<p>Como resultado de la investigaci\u00f3n que dur\u00f3 menos de 10 de horas, ha determinado que Galicia P\u00e9rez es el presunto responsable de haber disparado en contra de Alexis Bladimir Sandoval Cant\u00e9; de 17 a\u00f1os, hecho ocurrido a pocos pasos de la vivienda allanada.<\/p>\n<p>Al finalizar el allanamiento, el Ministerio P\u00fablico procedi\u00f3 al secuestro y embalaje de dos armas de fuego con sus respectivas tenencias, logrando individualizar el supuesto arma homicida.<\/p>\n<p style=\"text-align: center;\"><iframe loading=\"lazy\" style=\"border: none; overflow: hidden;\" src=\"https:\/\/www.facebook.com\/plugins\/post.php?href=https%3A%2F%2Fwww.facebook.com%2Fpermalink.php%3Fstory_fbid%3Dpfbid02tVmQ5tAADQzFK3VY1xC7cEo6dPTDetsRk9V6XiDEyHDesD5vz4VNxTdCcGPj7Q2hl%26id%3D100528296070083&amp;show_text=true&amp;width=500\" width=\"500\" height=\"755\" frameborder=\"0\" scrolling=\"no\" allowfullscreen=\"allowfullscreen\"><\/iframe><\/p>\n","protected":false},"excerpt":{"rendered":"<p>En la 7ma. Avenida entre 4ta. y 5ta. calle en la zona 1 del barrio La Democracia, en Jalapa, se reporta un ataque armado, en el lugar queda fallecida una persona de sexo masculino, quien minutos m\u00e1s tarde fue identificado como Alexis Vladimir Sandoval Cante; de 17 a\u00f1os. MIRA: Lo capturan por haber herido a una mujer hace tres meses Seg\u00fan el Bombero Voluntario Jaime Aguilar, esta persona presentaba m\u00faltiples impactos de proyectiles de arma de fuego, mismos que le quitaron la vida de manera instant\u00e1nea, ellos a su arribo&hellip;<\/p>\n","protected":false},"author":2,"featured_media":6452,"comment_status":"open","ping_status":"open","sticky":false,"template":"","format":"standard","meta":{"footnotes":""},"categories":[3],"tags":[1672,1671],"class_list":["post-6461","post","type-post","status-publish","format-standard","has-post-thumbnail","hentry","category-locales","tag-capturan-al-presunto-responsable","tag-en-su-segundo-ataque-fue-asesinado"],"gutentor_comment":0,"_links":{"self":[{"href":"https:\/\/www.notijalapa.net\/noticias\/wp-json\/wp\/v2\/posts\/6461","targetHints":{"allow":["GET"]}}],"collection":[{"href":"https:\/\/www.notijalapa.net\/noticias\/wp-json\/wp\/v2\/posts"}],"about":[{"href":"https:\/\/www.notijalapa.net\/noticias\/wp-json\/wp\/v2\/types\/post"}],"author":[{"embeddable":true,"href":"https:\/\/www.notijalapa.net\/noticias\/wp-json\/wp\/v2\/users\/2"}],"replies":[{"embeddable":true,"href":"https:\/\/www.notijalapa.net\/noticias\/wp-json\/wp\/v2\/comments?post=6461"}],"version-history":[{"count":3,"href":"https:\/\/www.notijalapa.net\/noticias\/wp-json\/wp\/v2\/posts\/6461\/revisions"}],"predecessor-version":[{"id":6464,"href":"https:\/\/www.notijalapa.net\/noticias\/wp-json\/wp\/v2\/posts\/6461\/revisions\/6464"}],"wp:featuredmedia":[{"embeddable":true,"href":"https:\/\/www.notijalapa.net\/noticias\/wp-json\/wp\/v2\/media\/6452"}],"wp:attachment":[{"href":"https:\/\/www.notijalapa.net\/noticias\/wp-json\/wp\/v2\/media?parent=6461"}],"wp:term":[{"taxonomy":"category","embeddable":true,"href":"https:\/\/www.notijalapa.net\/noticias\/wp-json\/wp\/v2\/categories?post=6461"},{"taxonomy":"post_tag","embeddable":true,"href":"https:\/\/www.notijalapa.net\/noticias\/wp-json\/wp\/v2\/tags?post=6461"}],"curies":[{"name":"wp","href":"https:\/\/api.w.org\/{rel}","templated":true}]}}