{"id":6368,"date":"2022-07-09T12:07:03","date_gmt":"2022-07-09T12:07:03","guid":{"rendered":"https:\/\/www.notijalapa.net\/noticias\/?p=6368"},"modified":"2022-07-09T12:22:15","modified_gmt":"2022-07-09T12:22:15","slug":"la-muerte-no-es-la-solucion-acerquese-con-psicologos-o-sacerdotes","status":"publish","type":"post","link":"https:\/\/www.notijalapa.net\/noticias\/2022\/07\/09\/la-muerte-no-es-la-solucion-acerquese-con-psicologos-o-sacerdotes\/","title":{"rendered":"La muerte no es la soluci\u00f3n, ac\u00e9rquese con psic\u00f3logos o sacerdotes"},"content":{"rendered":"<p>En este a\u00f1o se han reportado decenas de suicidios en el departamento de Jalapa, esto es algo muy preocupante para la iglesia cat\u00f3lica, porque el atentar con la propia vida es algo muy grave, seg\u00fan lo dio a conocer Ilcear L\u00f3pez Mart\u00ednez Sacerdote de la Parroquia Nuestra Se\u00f1ora del Carmen.<\/p>\n<p><a href=\"https:\/\/www.notijalapa.net\/noticias\/2022\/07\/09\/casos-de-covid-19-van-en-aumento\/\">MIRA: Casos de Covid-19 van en aumento<\/a><\/p>\n<p>Anteriormente ellos no pod\u00edan hacer una eucarist\u00eda por una persona que se hab\u00eda quitado la vida, pero hace unos a\u00f1os hubo un cambio y ahora si les autorizan hacerlo, pero esto es algo muy grave el homicidio es un crimen y quitarse la propia vida es un crimen peor.<\/p>\n<p><iframe loading=\"lazy\" title=\"La Muerte No Es La Soluci\u00f3n, Ac\u00e9rquese Con Psic\u00f3logos O Sacerdotes 1\" width=\"640\" height=\"360\" src=\"https:\/\/www.youtube.com\/embed\/EQVyAGgN_ag?feature=oembed\" frameborder=\"0\" allow=\"accelerometer; autoplay; clipboard-write; encrypted-media; gyroscope; picture-in-picture; web-share\" referrerpolicy=\"strict-origin-when-cross-origin\" allowfullscreen><\/iframe><\/p>\n<p>Un noventa por ciento de las personas que se han quitado la vida, han hablado mucho de la muerte con otras personas, pero estas nunca les han puesto atenci\u00f3n o no encuentran el apoyo necesario para expresar lo que siente y terminan quit\u00e1ndose la vida.<\/p>\n<p>El hace un llamado para que, cuando una persona tenga problemas o depresi\u00f3n, que asista con profesionales en la psicolog\u00eda o a ellos como sacerdote, para que expresen sus sentimientos y as\u00ed evitar que se sigan dando m\u00e1s suicidios en el departamento y el pa\u00eds.<\/p>\n<p style=\"text-align: center;\"><iframe loading=\"lazy\" style=\"border: none; overflow: hidden;\" src=\"https:\/\/www.facebook.com\/plugins\/post.php?href=https%3A%2F%2Fwww.facebook.com%2Fpermalink.php%3Fstory_fbid%3D5294111850704923%26id%3D541551329294356&amp;show_text=true&amp;width=500\" width=\"500\" height=\"773\" frameborder=\"0\" scrolling=\"no\" allowfullscreen=\"allowfullscreen\"><\/iframe><\/p>\n","protected":false},"excerpt":{"rendered":"<p>En este a\u00f1o se han reportado decenas de suicidios en el departamento de Jalapa, esto es algo muy preocupante para la iglesia cat\u00f3lica, porque el atentar con la propia vida es algo muy grave, seg\u00fan lo dio a conocer Ilcear L\u00f3pez Mart\u00ednez Sacerdote de la Parroquia Nuestra Se\u00f1ora del Carmen. MIRA: Casos de Covid-19 van en aumento Anteriormente ellos no pod\u00edan hacer una eucarist\u00eda por una persona que se hab\u00eda quitado la vida, pero hace unos a\u00f1os hubo un cambio y ahora si les autorizan hacerlo, pero esto es algo&hellip;<\/p>\n","protected":false},"author":2,"featured_media":6360,"comment_status":"open","ping_status":"open","sticky":false,"template":"","format":"standard","meta":{"footnotes":""},"categories":[3],"tags":[1635,1634],"class_list":["post-6368","post","type-post","status-publish","format-standard","has-post-thumbnail","hentry","category-locales","tag-acerquese-con-psicologos-o-sacerdotes","tag-la-muerte-no-es-la-solucion"],"gutentor_comment":0,"_links":{"self":[{"href":"https:\/\/www.notijalapa.net\/noticias\/wp-json\/wp\/v2\/posts\/6368","targetHints":{"allow":["GET"]}}],"collection":[{"href":"https:\/\/www.notijalapa.net\/noticias\/wp-json\/wp\/v2\/posts"}],"about":[{"href":"https:\/\/www.notijalapa.net\/noticias\/wp-json\/wp\/v2\/types\/post"}],"author":[{"embeddable":true,"href":"https:\/\/www.notijalapa.net\/noticias\/wp-json\/wp\/v2\/users\/2"}],"replies":[{"embeddable":true,"href":"https:\/\/www.notijalapa.net\/noticias\/wp-json\/wp\/v2\/comments?post=6368"}],"version-history":[{"count":4,"href":"https:\/\/www.notijalapa.net\/noticias\/wp-json\/wp\/v2\/posts\/6368\/revisions"}],"predecessor-version":[{"id":6374,"href":"https:\/\/www.notijalapa.net\/noticias\/wp-json\/wp\/v2\/posts\/6368\/revisions\/6374"}],"wp:featuredmedia":[{"embeddable":true,"href":"https:\/\/www.notijalapa.net\/noticias\/wp-json\/wp\/v2\/media\/6360"}],"wp:attachment":[{"href":"https:\/\/www.notijalapa.net\/noticias\/wp-json\/wp\/v2\/media?parent=6368"}],"wp:term":[{"taxonomy":"category","embeddable":true,"href":"https:\/\/www.notijalapa.net\/noticias\/wp-json\/wp\/v2\/categories?post=6368"},{"taxonomy":"post_tag","embeddable":true,"href":"https:\/\/www.notijalapa.net\/noticias\/wp-json\/wp\/v2\/tags?post=6368"}],"curies":[{"name":"wp","href":"https:\/\/api.w.org\/{rel}","templated":true}]}}