{"id":6337,"date":"2022-07-08T11:52:37","date_gmt":"2022-07-08T11:52:37","guid":{"rendered":"https:\/\/www.notijalapa.net\/noticias\/?p=6337"},"modified":"2022-07-08T12:03:57","modified_gmt":"2022-07-08T12:03:57","slug":"el-16-de-julio-conmemoran-el-dia-de-la-virgen-del-carmen","status":"publish","type":"post","link":"https:\/\/www.notijalapa.net\/noticias\/2022\/07\/08\/el-16-de-julio-conmemoran-el-dia-de-la-virgen-del-carmen\/","title":{"rendered":"El 16 de julio conmemoran el d\u00eda de la Virgen del Carmen"},"content":{"rendered":"<p>Se aproxima la fiesta de la Virgen del Carmen, que es parte no solo de la tradici\u00f3n, sino de la fe y de la espiritualidad del pueblo, la fiesta en honor a la virgen bajo la vocaci\u00f3n de Nuestra Se\u00f1ora del Carmen, que es una fiesta que se viene celebrando en base a la aparici\u00f3n de la virgen en el monte Carmelo, seg\u00fan lo dio a conocer Ilcear L\u00f3pez Mart\u00ednez Sacerdote de la Parroquia Nuestra Se\u00f1or del Carmen.<\/p>\n<p><a href=\"https:\/\/www.notijalapa.net\/noticias\/2022\/07\/08\/ellos-no-han-exigido-uniformes-para-asistir-a-la-escuela\/\">MIRA: Ellos no han exigido uniformes para asistir a la escuela<\/a><\/p>\n<p>Fue el 16 de Julio de 1251 que se le apareci\u00f3 la virgen a San Sim\u00f3n y en honor a ella es que se har\u00e1n diversas actividades iniciando desde el d\u00eda viernes 8 de julio y finalizando el d\u00eda s\u00e1bado 16.<\/p>\n<p><iframe loading=\"lazy\" title=\"El 16 De Julio Conmemoran El D\u00eda De La Virgen Del Carmen 1\" width=\"640\" height=\"360\" src=\"https:\/\/www.youtube.com\/embed\/ZzR97P31HBA?feature=oembed\" frameborder=\"0\" allow=\"accelerometer; autoplay; clipboard-write; encrypted-media; gyroscope; picture-in-picture; web-share\" referrerpolicy=\"strict-origin-when-cross-origin\" allowfullscreen><\/iframe><\/p>\n<p>Durante los nueve d\u00edas se va a tener un santo rosario, esto es conmemoraci\u00f3n de la virgen y para el d\u00eda s\u00e1bado 16, se tienen diversas actividades desde horas de la ma\u00f1ana y finalizando con una procesi\u00f3n de la virgen que recorrer\u00e1 las diferentes calles y avenida de Jalapa, culminando las actividades con una Santa Eucarist\u00eda.<\/p>\n<p>Desde ya hace la cordial invitaci\u00f3n para que sean participes de las diferentes actividades de la fiesta patronal de la Virgen del Carmen.<\/p>\n<p>Detalles de las actividades en las im\u00e1genes del programa o en el video de la entrevista.<\/p>\n<p style=\"text-align: center;\"><iframe loading=\"lazy\" style=\"border: none; overflow: hidden;\" src=\"https:\/\/www.facebook.com\/plugins\/post.php?href=https%3A%2F%2Fwww.facebook.com%2Fpermalink.php%3Fstory_fbid%3D5291446054304836%26id%3D541551329294356&amp;show_text=true&amp;width=500\" width=\"500\" height=\"806\" frameborder=\"0\" scrolling=\"no\" allowfullscreen=\"allowfullscreen\"><\/iframe><\/p>\n","protected":false},"excerpt":{"rendered":"<p>Se aproxima la fiesta de la Virgen del Carmen, que es parte no solo de la tradici\u00f3n, sino de la fe y de la espiritualidad del pueblo, la fiesta en honor a la virgen bajo la vocaci\u00f3n de Nuestra Se\u00f1ora del Carmen, que es una fiesta que se viene celebrando en base a la aparici\u00f3n de la virgen en el monte Carmelo, seg\u00fan lo dio a conocer Ilcear L\u00f3pez Mart\u00ednez Sacerdote de la Parroquia Nuestra Se\u00f1or del Carmen. MIRA: Ellos no han exigido uniformes para asistir a la escuela Fue&hellip;<\/p>\n","protected":false},"author":2,"featured_media":6328,"comment_status":"open","ping_status":"open","sticky":false,"template":"","format":"standard","meta":{"footnotes":""},"categories":[3],"tags":[1624,1623],"class_list":["post-6337","post","type-post","status-publish","format-standard","has-post-thumbnail","hentry","category-locales","tag-conmemoran-el-dia-de-la-virgen-del-carmen","tag-el-16-de-julio"],"gutentor_comment":0,"_links":{"self":[{"href":"https:\/\/www.notijalapa.net\/noticias\/wp-json\/wp\/v2\/posts\/6337","targetHints":{"allow":["GET"]}}],"collection":[{"href":"https:\/\/www.notijalapa.net\/noticias\/wp-json\/wp\/v2\/posts"}],"about":[{"href":"https:\/\/www.notijalapa.net\/noticias\/wp-json\/wp\/v2\/types\/post"}],"author":[{"embeddable":true,"href":"https:\/\/www.notijalapa.net\/noticias\/wp-json\/wp\/v2\/users\/2"}],"replies":[{"embeddable":true,"href":"https:\/\/www.notijalapa.net\/noticias\/wp-json\/wp\/v2\/comments?post=6337"}],"version-history":[{"count":2,"href":"https:\/\/www.notijalapa.net\/noticias\/wp-json\/wp\/v2\/posts\/6337\/revisions"}],"predecessor-version":[{"id":6343,"href":"https:\/\/www.notijalapa.net\/noticias\/wp-json\/wp\/v2\/posts\/6337\/revisions\/6343"}],"wp:featuredmedia":[{"embeddable":true,"href":"https:\/\/www.notijalapa.net\/noticias\/wp-json\/wp\/v2\/media\/6328"}],"wp:attachment":[{"href":"https:\/\/www.notijalapa.net\/noticias\/wp-json\/wp\/v2\/media?parent=6337"}],"wp:term":[{"taxonomy":"category","embeddable":true,"href":"https:\/\/www.notijalapa.net\/noticias\/wp-json\/wp\/v2\/categories?post=6337"},{"taxonomy":"post_tag","embeddable":true,"href":"https:\/\/www.notijalapa.net\/noticias\/wp-json\/wp\/v2\/tags?post=6337"}],"curies":[{"name":"wp","href":"https:\/\/api.w.org\/{rel}","templated":true}]}}