{"id":6274,"date":"2022-07-06T11:53:38","date_gmt":"2022-07-06T11:53:38","guid":{"rendered":"https:\/\/www.notijalapa.net\/noticias\/?p=6274"},"modified":"2022-07-06T12:03:34","modified_gmt":"2022-07-06T12:03:34","slug":"buscan-que-el-estado-de-calamidad-beneficie-a-la-region-cuatro","status":"publish","type":"post","link":"https:\/\/www.notijalapa.net\/noticias\/2022\/07\/06\/buscan-que-el-estado-de-calamidad-beneficie-a-la-region-cuatro\/","title":{"rendered":"Buscan que el Estado de Calamidad beneficie a la regi\u00f3n cuatro"},"content":{"rendered":"<p>Tuvieron una reuni\u00f3n con los delegados de la regi\u00f3n IV de CONRED, los tres gobernadores, el delegado regional de CAMINOS, COVIAL, esto para tratar los temas de la respuesta que se logre tener en la segunda fase de la temporada de lluvias y los trabajos que se tienen que hacer de los da\u00f1os que ya sucedieron, seg\u00fan lo dio a conocer Jos\u00e9 Bola\u00f1os delegado de la CONRED en Jalapa.<\/p>\n<p><a href=\"https:\/\/www.notijalapa.net\/noticias\/2022\/07\/06\/sabe-usted-cuales-son-las-causas-que-originan-un-incendio\/\">MIRA: \u00bfSabe usted cuales son las causas que originan un incendio?<\/a><\/p>\n<p>El tema principal en esta reuni\u00f3n era abordar el proceso para los proyectos que van a entrar en la fase de mitigaci\u00f3n y recuperaci\u00f3n por el Estado de Calamidad, que lo primordial es recuperar los tramos viales en puentes, carreras, escuelas y los centros de salud que hayan sido afectados por el tema de lluvias, porque son l\u00edneas vitales donde el Gobierno quiere invertir para recuperar con prontitud e ingresar estos procesos al Estado de Calamidad.<\/p>\n<p><iframe loading=\"lazy\" title=\"Buscan Que El Estado De Calamidad Beneficie A La Regi\u00f3n Cuatro 1\" width=\"640\" height=\"360\" src=\"https:\/\/www.youtube.com\/embed\/me8mhw8YWmI?feature=oembed\" frameborder=\"0\" allow=\"accelerometer; autoplay; clipboard-write; encrypted-media; gyroscope; picture-in-picture; web-share\" referrerpolicy=\"strict-origin-when-cross-origin\" allowfullscreen><\/iframe><\/p>\n<p>Este fue el punto medular de esta reuni\u00f3n y esperan que conforme se vaya dando el proceso den mayor informaci\u00f3n, porque recordemos que el Estado de Calamidad \u00fanicamente dura 30 d\u00edas y en ese tiempo deben de estar estos proyectos para la regi\u00f3n.<\/p>\n<p style=\"text-align: center;\"><iframe loading=\"lazy\" style=\"border: none; overflow: hidden;\" src=\"https:\/\/www.facebook.com\/plugins\/post.php?href=https%3A%2F%2Fwww.facebook.com%2Fpermalink.php%3Fstory_fbid%3D5285996081516500%26id%3D541551329294356&amp;show_text=true&amp;width=500\" width=\"500\" height=\"754\" frameborder=\"0\" scrolling=\"no\" allowfullscreen=\"allowfullscreen\"><\/iframe><\/p>\n","protected":false},"excerpt":{"rendered":"<p>Tuvieron una reuni\u00f3n con los delegados de la regi\u00f3n IV de CONRED, los tres gobernadores, el delegado regional de CAMINOS, COVIAL, esto para tratar los temas de la respuesta que se logre tener en la segunda fase de la temporada de lluvias y los trabajos que se tienen que hacer de los da\u00f1os que ya sucedieron, seg\u00fan lo dio a conocer Jos\u00e9 Bola\u00f1os delegado de la CONRED en Jalapa. MIRA: \u00bfSabe usted cuales son las causas que originan un incendio? El tema principal en esta reuni\u00f3n era abordar el proceso&hellip;<\/p>\n","protected":false},"author":2,"featured_media":6264,"comment_status":"open","ping_status":"open","sticky":false,"template":"","format":"standard","meta":{"footnotes":""},"categories":[3],"tags":[1598,1597],"class_list":["post-6274","post","type-post","status-publish","format-standard","has-post-thumbnail","hentry","category-locales","tag-beneficie-a-la-region-cuatro","tag-buscan-que-el-estado-de-calamidad"],"gutentor_comment":0,"_links":{"self":[{"href":"https:\/\/www.notijalapa.net\/noticias\/wp-json\/wp\/v2\/posts\/6274","targetHints":{"allow":["GET"]}}],"collection":[{"href":"https:\/\/www.notijalapa.net\/noticias\/wp-json\/wp\/v2\/posts"}],"about":[{"href":"https:\/\/www.notijalapa.net\/noticias\/wp-json\/wp\/v2\/types\/post"}],"author":[{"embeddable":true,"href":"https:\/\/www.notijalapa.net\/noticias\/wp-json\/wp\/v2\/users\/2"}],"replies":[{"embeddable":true,"href":"https:\/\/www.notijalapa.net\/noticias\/wp-json\/wp\/v2\/comments?post=6274"}],"version-history":[{"count":2,"href":"https:\/\/www.notijalapa.net\/noticias\/wp-json\/wp\/v2\/posts\/6274\/revisions"}],"predecessor-version":[{"id":6283,"href":"https:\/\/www.notijalapa.net\/noticias\/wp-json\/wp\/v2\/posts\/6274\/revisions\/6283"}],"wp:featuredmedia":[{"embeddable":true,"href":"https:\/\/www.notijalapa.net\/noticias\/wp-json\/wp\/v2\/media\/6264"}],"wp:attachment":[{"href":"https:\/\/www.notijalapa.net\/noticias\/wp-json\/wp\/v2\/media?parent=6274"}],"wp:term":[{"taxonomy":"category","embeddable":true,"href":"https:\/\/www.notijalapa.net\/noticias\/wp-json\/wp\/v2\/categories?post=6274"},{"taxonomy":"post_tag","embeddable":true,"href":"https:\/\/www.notijalapa.net\/noticias\/wp-json\/wp\/v2\/tags?post=6274"}],"curies":[{"name":"wp","href":"https:\/\/api.w.org\/{rel}","templated":true}]}}