{"id":5809,"date":"2022-06-15T11:34:59","date_gmt":"2022-06-15T11:34:59","guid":{"rendered":"https:\/\/www.notijalapa.net\/noticias\/?p=5809"},"modified":"2022-06-15T11:44:10","modified_gmt":"2022-06-15T11:44:10","slug":"inician-con-los-preparativos-de-los-21k-por-el-aniversario-de-jalapa","status":"publish","type":"post","link":"https:\/\/www.notijalapa.net\/noticias\/2022\/06\/15\/inician-con-los-preparativos-de-los-21k-por-el-aniversario-de-jalapa\/","title":{"rendered":"Inician con los preparativos de los 21K por el aniversario de Jalapa"},"content":{"rendered":"<p>Aunque se correr\u00e1 en noviembre ya han empezado a organizar la 5ta. edici\u00f3n de la carrera de los 21K en el casco urbano de Jalapa, esto para celebrar el aniversario al departamento en sus 149 a\u00f1os de fundaci\u00f3n, seg\u00fan lo dio a conocer Fernando Ju\u00e1rez atleta y organizado de la carrera 21K.<\/p>\n<p><a href=\"https:\/\/www.notijalapa.net\/noticias\/2022\/06\/15\/tome-en-cuenta-las-recomendaciones-de-bomberos-para-evitar-accidentes\/\">MIRA: Tome en cuenta las recomendaciones de bomberos para evitar accidentes<\/a><\/p>\n<p>Ya han confirmado la participaci\u00f3n de varios corredores muy destacados a nivel nacional, son corredores elites, esta ser\u00e1 una carrera muy bonita que se realizar\u00e1 el 27 de noviembre, la misma dar\u00e1 inicio a las 7:00 horas.<\/p>\n<p><iframe loading=\"lazy\" title=\"Inician Con Los Preparativos De Los 21K Por El Aniversario De Jalapa 1\" width=\"640\" height=\"360\" src=\"https:\/\/www.youtube.com\/embed\/Ri0TtOwBV7E?feature=oembed\" frameborder=\"0\" allow=\"accelerometer; autoplay; clipboard-write; encrypted-media; gyroscope; picture-in-picture; web-share\" referrerpolicy=\"strict-origin-when-cross-origin\" allowfullscreen><\/iframe><\/p>\n<p>Han empezado a organizarla desde ya, debido a que como para estas fechas realizan diversas actividades, por ello ya han apartado el d\u00eda para realizar esta tradicional carrera, que por 5to. a\u00f1o consecutivo la van a realizar, hace la invitaci\u00f3n para que participen corredores de diferentes lugares del pa\u00eds y porque no decirlo de otros pa\u00edses.<\/p>\n<p style=\"text-align: center;\"><iframe loading=\"lazy\" style=\"border: none; overflow: hidden;\" src=\"https:\/\/www.facebook.com\/plugins\/post.php?href=https%3A%2F%2Fwww.facebook.com%2Fpermalink.php%3Fstory_fbid%3D5226853767430732%26id%3D541551329294356&amp;show_text=true&amp;width=500\" width=\"500\" height=\"773\" frameborder=\"0\" scrolling=\"no\" allowfullscreen=\"allowfullscreen\"><\/iframe><\/p>\n","protected":false},"excerpt":{"rendered":"<p>Aunque se correr\u00e1 en noviembre ya han empezado a organizar la 5ta. edici\u00f3n de la carrera de los 21K en el casco urbano de Jalapa, esto para celebrar el aniversario al departamento en sus 149 a\u00f1os de fundaci\u00f3n, seg\u00fan lo dio a conocer Fernando Ju\u00e1rez atleta y organizado de la carrera 21K. MIRA: Tome en cuenta las recomendaciones de bomberos para evitar accidentes Ya han confirmado la participaci\u00f3n de varios corredores muy destacados a nivel nacional, son corredores elites, esta ser\u00e1 una carrera muy bonita que se realizar\u00e1 el 27&hellip;<\/p>\n","protected":false},"author":2,"featured_media":5801,"comment_status":"open","ping_status":"open","sticky":false,"template":"","format":"standard","meta":{"footnotes":""},"categories":[3],"tags":[1446,1447],"class_list":["post-5809","post","type-post","status-publish","format-standard","has-post-thumbnail","hentry","category-locales","tag-5ta-edicion","tag-de-los-21k"],"gutentor_comment":0,"_links":{"self":[{"href":"https:\/\/www.notijalapa.net\/noticias\/wp-json\/wp\/v2\/posts\/5809","targetHints":{"allow":["GET"]}}],"collection":[{"href":"https:\/\/www.notijalapa.net\/noticias\/wp-json\/wp\/v2\/posts"}],"about":[{"href":"https:\/\/www.notijalapa.net\/noticias\/wp-json\/wp\/v2\/types\/post"}],"author":[{"embeddable":true,"href":"https:\/\/www.notijalapa.net\/noticias\/wp-json\/wp\/v2\/users\/2"}],"replies":[{"embeddable":true,"href":"https:\/\/www.notijalapa.net\/noticias\/wp-json\/wp\/v2\/comments?post=5809"}],"version-history":[{"count":2,"href":"https:\/\/www.notijalapa.net\/noticias\/wp-json\/wp\/v2\/posts\/5809\/revisions"}],"predecessor-version":[{"id":5818,"href":"https:\/\/www.notijalapa.net\/noticias\/wp-json\/wp\/v2\/posts\/5809\/revisions\/5818"}],"wp:featuredmedia":[{"embeddable":true,"href":"https:\/\/www.notijalapa.net\/noticias\/wp-json\/wp\/v2\/media\/5801"}],"wp:attachment":[{"href":"https:\/\/www.notijalapa.net\/noticias\/wp-json\/wp\/v2\/media?parent=5809"}],"wp:term":[{"taxonomy":"category","embeddable":true,"href":"https:\/\/www.notijalapa.net\/noticias\/wp-json\/wp\/v2\/categories?post=5809"},{"taxonomy":"post_tag","embeddable":true,"href":"https:\/\/www.notijalapa.net\/noticias\/wp-json\/wp\/v2\/tags?post=5809"}],"curies":[{"name":"wp","href":"https:\/\/api.w.org\/{rel}","templated":true}]}}