{"id":5735,"date":"2022-06-11T12:09:50","date_gmt":"2022-06-11T12:09:50","guid":{"rendered":"https:\/\/www.notijalapa.net\/noticias\/?p=5735"},"modified":"2022-06-11T12:34:48","modified_gmt":"2022-06-11T12:34:48","slug":"alumnos-tendran-vacaciones-de-medio-ano-y-descanso-en-el-dia-del-maestro","status":"publish","type":"post","link":"https:\/\/www.notijalapa.net\/noticias\/2022\/06\/11\/alumnos-tendran-vacaciones-de-medio-ano-y-descanso-en-el-dia-del-maestro\/","title":{"rendered":"Alumnos tendr\u00e1n vacaciones de medio a\u00f1o y descanso en el d\u00eda del maestro"},"content":{"rendered":"<p>Como premio por la labor que hacen los docentes se dar\u00e1 el d\u00eda del maestro, recordemos que tambi\u00e9n cada a\u00f1o se entrega el galard\u00f3n Mar\u00eda Chinchilla a los docentes que fueron seleccionados, seg\u00fan lo dio a conocer el Lic. Efra\u00edn Salazar Director Departamental de Educaci\u00f3n en Jalapa.<\/p>\n<p><a href=\"https:\/\/www.notijalapa.net\/noticias\/2022\/06\/11\/capacitan-a-personal-de-las-municipalidades-sobre-acceso-a-la-informacion-publica\/\">MIRA: Capacitan a personal de las municipalidades sobre acceso a la informaci\u00f3n p\u00fablica<\/a><\/p>\n<p>Recordemos que el d\u00eda del maestro se celebra el 25 de junio, pero como cae d\u00eda s\u00e1bado y es un d\u00eda inh\u00e1bil, este feriado se va a correr para el d\u00eda viernes 24 de junio, esto porque es un feriado oficial decretado por el ministerio de educaci\u00f3n, por el mismo motivo la entrega del galard\u00f3n se realizara el d\u00eda 23.<\/p>\n<p><iframe loading=\"lazy\" title=\"Alumnos Tendr\u00e1n Vacaciones De Medio A\u00f1o Y Descanso En El D\u00eda Del Maestro 1\" width=\"640\" height=\"360\" src=\"https:\/\/www.youtube.com\/embed\/DL6BGR-Mmrw?feature=oembed\" frameborder=\"0\" allow=\"accelerometer; autoplay; clipboard-write; encrypted-media; gyroscope; picture-in-picture; web-share\" referrerpolicy=\"strict-origin-when-cross-origin\" allowfullscreen><\/iframe><\/p>\n<p>As\u00ed mismo seg\u00fan el calendario escolar y el acuerdo ministerial 3,475-2021 establece la semana de vacaciones de medio a\u00f1o y esta ser\u00e1 del 27 de junio al 01 de julio, es el descanso oficial y que est\u00e1 establecido seg\u00fan dicho acuerdo.<\/p>\n<p style=\"text-align: center;\"><iframe loading=\"lazy\" style=\"border: none; overflow: hidden;\" src=\"https:\/\/www.facebook.com\/plugins\/post.php?href=https%3A%2F%2Fwww.facebook.com%2Fpermalink.php%3Fstory_fbid%3D5216094878506621%26id%3D541551329294356&amp;show_text=true&amp;width=500\" width=\"500\" height=\"812\" frameborder=\"0\" scrolling=\"no\" allowfullscreen=\"allowfullscreen\"><\/iframe><\/p>\n","protected":false},"excerpt":{"rendered":"<p>Como premio por la labor que hacen los docentes se dar\u00e1 el d\u00eda del maestro, recordemos que tambi\u00e9n cada a\u00f1o se entrega el galard\u00f3n Mar\u00eda Chinchilla a los docentes que fueron seleccionados, seg\u00fan lo dio a conocer el Lic. Efra\u00edn Salazar Director Departamental de Educaci\u00f3n en Jalapa. MIRA: Capacitan a personal de las municipalidades sobre acceso a la informaci\u00f3n p\u00fablica Recordemos que el d\u00eda del maestro se celebra el 25 de junio, pero como cae d\u00eda s\u00e1bado y es un d\u00eda inh\u00e1bil, este feriado se va a correr para el&hellip;<\/p>\n","protected":false},"author":2,"featured_media":5736,"comment_status":"open","ping_status":"open","sticky":false,"template":"","format":"standard","meta":{"footnotes":""},"categories":[3],"tags":[542,1425],"class_list":["post-5735","post","type-post","status-publish","format-standard","has-post-thumbnail","hentry","category-locales","tag-alumnos","tag-tendran-vacaciones"],"gutentor_comment":0,"_links":{"self":[{"href":"https:\/\/www.notijalapa.net\/noticias\/wp-json\/wp\/v2\/posts\/5735","targetHints":{"allow":["GET"]}}],"collection":[{"href":"https:\/\/www.notijalapa.net\/noticias\/wp-json\/wp\/v2\/posts"}],"about":[{"href":"https:\/\/www.notijalapa.net\/noticias\/wp-json\/wp\/v2\/types\/post"}],"author":[{"embeddable":true,"href":"https:\/\/www.notijalapa.net\/noticias\/wp-json\/wp\/v2\/users\/2"}],"replies":[{"embeddable":true,"href":"https:\/\/www.notijalapa.net\/noticias\/wp-json\/wp\/v2\/comments?post=5735"}],"version-history":[{"count":2,"href":"https:\/\/www.notijalapa.net\/noticias\/wp-json\/wp\/v2\/posts\/5735\/revisions"}],"predecessor-version":[{"id":5762,"href":"https:\/\/www.notijalapa.net\/noticias\/wp-json\/wp\/v2\/posts\/5735\/revisions\/5762"}],"wp:featuredmedia":[{"embeddable":true,"href":"https:\/\/www.notijalapa.net\/noticias\/wp-json\/wp\/v2\/media\/5736"}],"wp:attachment":[{"href":"https:\/\/www.notijalapa.net\/noticias\/wp-json\/wp\/v2\/media?parent=5735"}],"wp:term":[{"taxonomy":"category","embeddable":true,"href":"https:\/\/www.notijalapa.net\/noticias\/wp-json\/wp\/v2\/categories?post=5735"},{"taxonomy":"post_tag","embeddable":true,"href":"https:\/\/www.notijalapa.net\/noticias\/wp-json\/wp\/v2\/tags?post=5735"}],"curies":[{"name":"wp","href":"https:\/\/api.w.org\/{rel}","templated":true}]}}