{"id":5593,"date":"2022-06-04T12:01:13","date_gmt":"2022-06-04T12:01:13","guid":{"rendered":"https:\/\/www.notijalapa.net\/noticias\/?p=5593"},"modified":"2022-06-04T12:08:10","modified_gmt":"2022-06-04T12:08:10","slug":"trabajaba-en-la-albanileria-y-toco-los-cables-de-alta-tension","status":"publish","type":"post","link":"https:\/\/www.notijalapa.net\/noticias\/2022\/06\/04\/trabajaba-en-la-albanileria-y-toco-los-cables-de-alta-tension\/","title":{"rendered":"Trabajaba en la alba\u00f1iler\u00eda y toco los cables de alta tensi\u00f3n"},"content":{"rendered":"<p>Bomberos Voluntarios fueron requeridos en la 1ra. Calle y 7ma. Avenida de la zona 1 del Barrio La Democracia, en Jalapa, en donde les indicaron de una persona electrocutada, al llegar al lugar atendieron a H\u00e9ctor An\u00edbal Caal; de 23 a\u00f1os.<\/p>\n<p><a href=\"https:\/\/www.notijalapa.net\/noticias\/2022\/06\/04\/aun-firman-convenios-para-los-proyectos-2022\/\">MIRA: A\u00fan firman convenios para los proyectos 2022<\/a><\/p>\n<p>Seg\u00fan el Bombero Voluntario Jaime Aguilar, esta persona presentaba quemaduras en diferentes partes del cuerpo, mismas que se ocasiono cuando trabajaba en una construcci\u00f3n y por causas que se desconocen al tocar el tendido el\u00e9ctrico sufriera una descarga.<\/p>\n<p><iframe loading=\"lazy\" title=\"Trabajaba En La Alba\u00f1iler\u00eda Y Toco Los Cables De Alta Tensi\u00f3n 1\" width=\"640\" height=\"360\" src=\"https:\/\/www.youtube.com\/embed\/lPYNh94lOIY?feature=oembed\" frameborder=\"0\" allow=\"accelerometer; autoplay; clipboard-write; encrypted-media; gyroscope; picture-in-picture; web-share\" referrerpolicy=\"strict-origin-when-cross-origin\" allowfullscreen><\/iframe><\/p>\n<p>Fue estabilizado en el lugar por los t\u00e9cnicos en urgencias m\u00e9dicas de los hombres del casco negro, posteriormente fue trasladado a la emergencia del hospital nacional de Jalapa, para que fuera evaluado por el medico de turno.<\/p>\n<p style=\"text-align: center;\"><iframe loading=\"lazy\" style=\"border: none; overflow: hidden;\" src=\"https:\/\/www.facebook.com\/plugins\/post.php?href=https%3A%2F%2Fwww.facebook.com%2Fpermalink.php%3Fstory_fbid%3D5196317653817677%26id%3D541551329294356&amp;show_text=true&amp;width=500\" width=\"500\" height=\"773\" frameborder=\"0\" scrolling=\"no\" allowfullscreen=\"allowfullscreen\"><\/iframe><\/p>\n","protected":false},"excerpt":{"rendered":"<p>Bomberos Voluntarios fueron requeridos en la 1ra. Calle y 7ma. Avenida de la zona 1 del Barrio La Democracia, en Jalapa, en donde les indicaron de una persona electrocutada, al llegar al lugar atendieron a H\u00e9ctor An\u00edbal Caal; de 23 a\u00f1os. MIRA: A\u00fan firman convenios para los proyectos 2022 Seg\u00fan el Bombero Voluntario Jaime Aguilar, esta persona presentaba quemaduras en diferentes partes del cuerpo, mismas que se ocasiono cuando trabajaba en una construcci\u00f3n y por causas que se desconocen al tocar el tendido el\u00e9ctrico sufriera una descarga. Fue estabilizado en&hellip;<\/p>\n","protected":false},"author":2,"featured_media":5583,"comment_status":"open","ping_status":"open","sticky":false,"template":"","format":"standard","meta":{"footnotes":""},"categories":[3],"tags":[1380,1379],"class_list":["post-5593","post","type-post","status-publish","format-standard","has-post-thumbnail","hentry","category-locales","tag-cables-de-alta-tension","tag-trabajaba-en-la-albanileria"],"gutentor_comment":0,"_links":{"self":[{"href":"https:\/\/www.notijalapa.net\/noticias\/wp-json\/wp\/v2\/posts\/5593","targetHints":{"allow":["GET"]}}],"collection":[{"href":"https:\/\/www.notijalapa.net\/noticias\/wp-json\/wp\/v2\/posts"}],"about":[{"href":"https:\/\/www.notijalapa.net\/noticias\/wp-json\/wp\/v2\/types\/post"}],"author":[{"embeddable":true,"href":"https:\/\/www.notijalapa.net\/noticias\/wp-json\/wp\/v2\/users\/2"}],"replies":[{"embeddable":true,"href":"https:\/\/www.notijalapa.net\/noticias\/wp-json\/wp\/v2\/comments?post=5593"}],"version-history":[{"count":2,"href":"https:\/\/www.notijalapa.net\/noticias\/wp-json\/wp\/v2\/posts\/5593\/revisions"}],"predecessor-version":[{"id":5595,"href":"https:\/\/www.notijalapa.net\/noticias\/wp-json\/wp\/v2\/posts\/5593\/revisions\/5595"}],"wp:featuredmedia":[{"embeddable":true,"href":"https:\/\/www.notijalapa.net\/noticias\/wp-json\/wp\/v2\/media\/5583"}],"wp:attachment":[{"href":"https:\/\/www.notijalapa.net\/noticias\/wp-json\/wp\/v2\/media?parent=5593"}],"wp:term":[{"taxonomy":"category","embeddable":true,"href":"https:\/\/www.notijalapa.net\/noticias\/wp-json\/wp\/v2\/categories?post=5593"},{"taxonomy":"post_tag","embeddable":true,"href":"https:\/\/www.notijalapa.net\/noticias\/wp-json\/wp\/v2\/tags?post=5593"}],"curies":[{"name":"wp","href":"https:\/\/api.w.org\/{rel}","templated":true}]}}