{"id":5589,"date":"2022-06-04T11:58:40","date_gmt":"2022-06-04T11:58:40","guid":{"rendered":"https:\/\/www.notijalapa.net\/noticias\/?p=5589"},"modified":"2022-06-04T12:10:38","modified_gmt":"2022-06-04T12:10:38","slug":"podria-haber-un-aumento-en-el-presupuesto-para-proyectos-2023-de-codede","status":"publish","type":"post","link":"https:\/\/www.notijalapa.net\/noticias\/2022\/06\/04\/podria-haber-un-aumento-en-el-presupuesto-para-proyectos-2023-de-codede\/","title":{"rendered":"Podr\u00eda haber un aumento en el presupuesto para proyectos 2023 de CODEDE"},"content":{"rendered":"<p>Ya se ha presentado la cartera de proyectos que se van a ejecutar en el a\u00f1o 2023 con fondos de CODEDE, mismos que ya han sido aprobados por el pleno del consejo, seg\u00fan lo dio a conocer Ing. Jos\u00e9 Alfredo Marroqu\u00edn director ejecutivo de Consejos de Desarrollo.<\/p>\n<p><a href=\"https:\/\/www.notijalapa.net\/noticias\/2022\/06\/04\/escuela-no-1-es-afectada-por-las-lluvias\/\">MIRA: Escuela No.1 es afectada por las lluvias<\/a><\/p>\n<p>Cabe mencionar que estos proyectos fueron presentados ya ante el pleno del consejo, ya han sido presentados ante el Consejo Regional de Desarrollo (COREDUR), y ya han sido aprobados por ellos y actualmente est\u00e1n por enviarlos al Consejo Nacional de Desarrollo (CONADUR), para que sean ellos los que den el \u00faltimo aval para que el pr\u00f3ximo a\u00f1o se puedan ejecutar estos 87 proyectos.<\/p>\n<p><iframe loading=\"lazy\" title=\"Podr\u00eda Haber Un Aumento En El Presupuesto Para Proyectos 2023 De Codede 1\" width=\"640\" height=\"360\" src=\"https:\/\/www.youtube.com\/embed\/C1sPCJf82Ak?feature=oembed\" frameborder=\"0\" allow=\"accelerometer; autoplay; clipboard-write; encrypted-media; gyroscope; picture-in-picture; web-share\" referrerpolicy=\"strict-origin-when-cross-origin\" allowfullscreen><\/iframe><\/p>\n<p>Hace unos d\u00edas fueron notificados que deben de hacer una reuni\u00f3n de Consejos de Desarrollo, debido a que se tiene un incremento en el presupuesto para el departamento de Jalapa, a\u00fan no saben de cuanto es el incremento, pero esto vendr\u00e1 a beneficiar porque se podr\u00e1n ejecutar m\u00e1s obras.<\/p>\n<p style=\"text-align: center;\"><iframe loading=\"lazy\" style=\"border: none; overflow: hidden;\" src=\"https:\/\/www.facebook.com\/plugins\/post.php?href=https%3A%2F%2Fwww.facebook.com%2Fpermalink.php%3Fstory_fbid%3D5196315110484598%26id%3D541551329294356&amp;show_text=true&amp;width=500\" width=\"500\" height=\"754\" frameborder=\"0\" scrolling=\"no\" allowfullscreen=\"allowfullscreen\"><\/iframe><\/p>\n","protected":false},"excerpt":{"rendered":"<p>Ya se ha presentado la cartera de proyectos que se van a ejecutar en el a\u00f1o 2023 con fondos de CODEDE, mismos que ya han sido aprobados por el pleno del consejo, seg\u00fan lo dio a conocer Ing. Jos\u00e9 Alfredo Marroqu\u00edn director ejecutivo de Consejos de Desarrollo. MIRA: Escuela No.1 es afectada por las lluvias Cabe mencionar que estos proyectos fueron presentados ya ante el pleno del consejo, ya han sido presentados ante el Consejo Regional de Desarrollo (COREDUR), y ya han sido aprobados por ellos y actualmente est\u00e1n por&hellip;<\/p>\n","protected":false},"author":2,"featured_media":5580,"comment_status":"open","ping_status":"open","sticky":false,"template":"","format":"standard","meta":{"footnotes":""},"categories":[3],"tags":[1377,1378],"class_list":["post-5589","post","type-post","status-publish","format-standard","has-post-thumbnail","hentry","category-locales","tag-aumento-en-el-presupuesto","tag-proyectos-2023"],"gutentor_comment":0,"_links":{"self":[{"href":"https:\/\/www.notijalapa.net\/noticias\/wp-json\/wp\/v2\/posts\/5589","targetHints":{"allow":["GET"]}}],"collection":[{"href":"https:\/\/www.notijalapa.net\/noticias\/wp-json\/wp\/v2\/posts"}],"about":[{"href":"https:\/\/www.notijalapa.net\/noticias\/wp-json\/wp\/v2\/types\/post"}],"author":[{"embeddable":true,"href":"https:\/\/www.notijalapa.net\/noticias\/wp-json\/wp\/v2\/users\/2"}],"replies":[{"embeddable":true,"href":"https:\/\/www.notijalapa.net\/noticias\/wp-json\/wp\/v2\/comments?post=5589"}],"version-history":[{"count":3,"href":"https:\/\/www.notijalapa.net\/noticias\/wp-json\/wp\/v2\/posts\/5589\/revisions"}],"predecessor-version":[{"id":5598,"href":"https:\/\/www.notijalapa.net\/noticias\/wp-json\/wp\/v2\/posts\/5589\/revisions\/5598"}],"wp:featuredmedia":[{"embeddable":true,"href":"https:\/\/www.notijalapa.net\/noticias\/wp-json\/wp\/v2\/media\/5580"}],"wp:attachment":[{"href":"https:\/\/www.notijalapa.net\/noticias\/wp-json\/wp\/v2\/media?parent=5589"}],"wp:term":[{"taxonomy":"category","embeddable":true,"href":"https:\/\/www.notijalapa.net\/noticias\/wp-json\/wp\/v2\/categories?post=5589"},{"taxonomy":"post_tag","embeddable":true,"href":"https:\/\/www.notijalapa.net\/noticias\/wp-json\/wp\/v2\/tags?post=5589"}],"curies":[{"name":"wp","href":"https:\/\/api.w.org\/{rel}","templated":true}]}}