{"id":5587,"date":"2022-06-04T11:58:07","date_gmt":"2022-06-04T11:58:07","guid":{"rendered":"https:\/\/www.notijalapa.net\/noticias\/?p=5587"},"modified":"2022-06-04T12:11:47","modified_gmt":"2022-06-04T12:11:47","slug":"escuela-no-1-es-afectada-por-las-lluvias","status":"publish","type":"post","link":"https:\/\/www.notijalapa.net\/noticias\/2022\/06\/04\/escuela-no-1-es-afectada-por-las-lluvias\/","title":{"rendered":"Escuela No.1 es afectada por las lluvias"},"content":{"rendered":"<p>Desde hace varios a\u00f1os, han tenido la problem\u00e1tica de, que se mete el agua a los salones de clases en el segundo nivel, ya se han hecho algunos trabajos, pero el agua siempre se filtra por esos lugares, seg\u00fan lo dio a conocer Glenda Castro directora de la Escuela No.1 en Jalapa.<\/p>\n<p><a href=\"https:\/\/www.notijalapa.net\/noticias\/2022\/06\/04\/podria-haber-un-aumento-en-el-presupuesto-para-proyectos-2023-de-codede\/\">MIRA: Podr\u00eda haber un aumento en el presupuesto para proyectos 2023 de CODEDE<\/a><\/p>\n<p>Tienen el temor de que se ocasione un corto circuito, debido a que el agua se filtra por donde est\u00e1n las l\u00e1mparas, as\u00ed mismo las paredes se humedecen bastantes y esto afecta los diferentes materiales que los docentes tienen dentro de las aulas.<\/p>\n<p><iframe loading=\"lazy\" title=\"Escuela No 1 Es Afectada Por Las Lluvias 1\" width=\"640\" height=\"360\" src=\"https:\/\/www.youtube.com\/embed\/eCP385gIjb4?feature=oembed\" frameborder=\"0\" allow=\"accelerometer; autoplay; clipboard-write; encrypted-media; gyroscope; picture-in-picture; web-share\" referrerpolicy=\"strict-origin-when-cross-origin\" allowfullscreen><\/iframe><\/p>\n<p>Anteriormente se tenia un proyecto por parte de Consejos de Desarrollo, para el mantenimiento de esta escuela, pero lo \u00fanico que han hecho es un corredor techado, mismo que no ha sido entregado, pero hasta el momento no han tenido ninguna respuesta de las autoridades correspondientes.<\/p>\n<p style=\"text-align: center;\"><iframe loading=\"lazy\" style=\"border: none; overflow: hidden;\" src=\"https:\/\/www.facebook.com\/plugins\/post.php?href=https%3A%2F%2Fwww.facebook.com%2Fpermalink.php%3Fstory_fbid%3D5196312883818154%26id%3D541551329294356&amp;show_text=true&amp;width=500\" width=\"500\" height=\"754\" frameborder=\"0\" scrolling=\"no\" allowfullscreen=\"allowfullscreen\"><\/iframe><\/p>\n","protected":false},"excerpt":{"rendered":"<p>Desde hace varios a\u00f1os, han tenido la problem\u00e1tica de, que se mete el agua a los salones de clases en el segundo nivel, ya se han hecho algunos trabajos, pero el agua siempre se filtra por esos lugares, seg\u00fan lo dio a conocer Glenda Castro directora de la Escuela No.1 en Jalapa. MIRA: Podr\u00eda haber un aumento en el presupuesto para proyectos 2023 de CODEDE Tienen el temor de que se ocasione un corto circuito, debido a que el agua se filtra por donde est\u00e1n las l\u00e1mparas, as\u00ed mismo las&hellip;<\/p>\n","protected":false},"author":2,"featured_media":5582,"comment_status":"open","ping_status":"open","sticky":false,"template":"","format":"standard","meta":{"footnotes":""},"categories":[3],"tags":[1376,1367],"class_list":["post-5587","post","type-post","status-publish","format-standard","has-post-thumbnail","hentry","category-locales","tag-afectada-por-las-lluvias","tag-escuela-no-1"],"gutentor_comment":0,"_links":{"self":[{"href":"https:\/\/www.notijalapa.net\/noticias\/wp-json\/wp\/v2\/posts\/5587","targetHints":{"allow":["GET"]}}],"collection":[{"href":"https:\/\/www.notijalapa.net\/noticias\/wp-json\/wp\/v2\/posts"}],"about":[{"href":"https:\/\/www.notijalapa.net\/noticias\/wp-json\/wp\/v2\/types\/post"}],"author":[{"embeddable":true,"href":"https:\/\/www.notijalapa.net\/noticias\/wp-json\/wp\/v2\/users\/2"}],"replies":[{"embeddable":true,"href":"https:\/\/www.notijalapa.net\/noticias\/wp-json\/wp\/v2\/comments?post=5587"}],"version-history":[{"count":3,"href":"https:\/\/www.notijalapa.net\/noticias\/wp-json\/wp\/v2\/posts\/5587\/revisions"}],"predecessor-version":[{"id":5600,"href":"https:\/\/www.notijalapa.net\/noticias\/wp-json\/wp\/v2\/posts\/5587\/revisions\/5600"}],"wp:featuredmedia":[{"embeddable":true,"href":"https:\/\/www.notijalapa.net\/noticias\/wp-json\/wp\/v2\/media\/5582"}],"wp:attachment":[{"href":"https:\/\/www.notijalapa.net\/noticias\/wp-json\/wp\/v2\/media?parent=5587"}],"wp:term":[{"taxonomy":"category","embeddable":true,"href":"https:\/\/www.notijalapa.net\/noticias\/wp-json\/wp\/v2\/categories?post=5587"},{"taxonomy":"post_tag","embeddable":true,"href":"https:\/\/www.notijalapa.net\/noticias\/wp-json\/wp\/v2\/tags?post=5587"}],"curies":[{"name":"wp","href":"https:\/\/api.w.org\/{rel}","templated":true}]}}