{"id":5424,"date":"2022-05-28T12:18:38","date_gmt":"2022-05-28T12:18:38","guid":{"rendered":"https:\/\/www.notijalapa.net\/noticias\/?p=5424"},"modified":"2022-05-28T17:22:22","modified_gmt":"2022-05-28T17:22:22","slug":"capacitan-a-docentes-sobre-el-reciclaje","status":"publish","type":"post","link":"https:\/\/www.notijalapa.net\/noticias\/2022\/05\/28\/capacitan-a-docentes-sobre-el-reciclaje\/","title":{"rendered":"Capacitan a docentes sobre el reciclaje"},"content":{"rendered":"<p>Este viernes, recibieron la pen\u00faltima capacitaci\u00f3n acerca del reciclaje, misma que ha sido impartida por profesionales de diferentes universidades ha 60 maestros del \u00e1rea urbana y rural, seg\u00fan lo dio a conocer Margarita Cetino coordinadora de programadas educativos de la Municipalidad de Jalapa.<\/p>\n<p><a href=\"https:\/\/www.notijalapa.net\/noticias\/2022\/05\/28\/implementan-planes-operativos-para-evitar-que-personas-de-el-salvador-vengan-guatemala\/\">MIRA: Implementan planes operativos para evitar que personas de El Salvador vengan Guatemala<\/a><\/p>\n<p>El objetivo de estas capacitaciones es, que los docentes adquieran nuevos conocimientos y que sean portadores de esta informaci\u00f3n con sus dem\u00e1s compa\u00f1eros y porque no decirlo con los mismos alumnos.<\/p>\n<p><iframe loading=\"lazy\" title=\"Capacitan A Docentes Sobre El Reciclaje 1\" width=\"640\" height=\"360\" src=\"https:\/\/www.youtube.com\/embed\/EPbPlf0NCbk?feature=oembed\" frameborder=\"0\" allow=\"accelerometer; autoplay; clipboard-write; encrypted-media; gyroscope; picture-in-picture; web-share\" referrerpolicy=\"strict-origin-when-cross-origin\" allowfullscreen><\/iframe><\/p>\n<p>El tema del reciclaje es muy importante, debido a que por medio de esto se consigue elaborar otras manualidades y darles otro uso a esos materiales reutilizables.<\/p>\n<p style=\"text-align: center;\"><iframe loading=\"lazy\" style=\"border: none; overflow: hidden;\" src=\"https:\/\/www.facebook.com\/plugins\/post.php?href=https%3A%2F%2Fwww.facebook.com%2Fpermalink.php%3Fstory_fbid%3D5175814139201362%26id%3D541551329294356&amp;show_text=true&amp;width=500\" width=\"500\" height=\"773\" frameborder=\"0\" scrolling=\"no\" allowfullscreen=\"allowfullscreen\"><\/iframe><\/p>\n","protected":false},"excerpt":{"rendered":"<p>Este viernes, recibieron la pen\u00faltima capacitaci\u00f3n acerca del reciclaje, misma que ha sido impartida por profesionales de diferentes universidades ha 60 maestros del \u00e1rea urbana y rural, seg\u00fan lo dio a conocer Margarita Cetino coordinadora de programadas educativos de la Municipalidad de Jalapa. MIRA: Implementan planes operativos para evitar que personas de El Salvador vengan Guatemala El objetivo de estas capacitaciones es, que los docentes adquieran nuevos conocimientos y que sean portadores de esta informaci\u00f3n con sus dem\u00e1s compa\u00f1eros y porque no decirlo con los mismos alumnos. El tema del&hellip;<\/p>\n","protected":false},"author":2,"featured_media":5418,"comment_status":"open","ping_status":"open","sticky":false,"template":"","format":"standard","meta":{"footnotes":""},"categories":[3],"tags":[1331,1332],"class_list":["post-5424","post","type-post","status-publish","format-standard","has-post-thumbnail","hentry","category-locales","tag-capacitan-a-docentes","tag-sobre-el-reciclaje"],"gutentor_comment":0,"_links":{"self":[{"href":"https:\/\/www.notijalapa.net\/noticias\/wp-json\/wp\/v2\/posts\/5424","targetHints":{"allow":["GET"]}}],"collection":[{"href":"https:\/\/www.notijalapa.net\/noticias\/wp-json\/wp\/v2\/posts"}],"about":[{"href":"https:\/\/www.notijalapa.net\/noticias\/wp-json\/wp\/v2\/types\/post"}],"author":[{"embeddable":true,"href":"https:\/\/www.notijalapa.net\/noticias\/wp-json\/wp\/v2\/users\/2"}],"replies":[{"embeddable":true,"href":"https:\/\/www.notijalapa.net\/noticias\/wp-json\/wp\/v2\/comments?post=5424"}],"version-history":[{"count":3,"href":"https:\/\/www.notijalapa.net\/noticias\/wp-json\/wp\/v2\/posts\/5424\/revisions"}],"predecessor-version":[{"id":5444,"href":"https:\/\/www.notijalapa.net\/noticias\/wp-json\/wp\/v2\/posts\/5424\/revisions\/5444"}],"wp:featuredmedia":[{"embeddable":true,"href":"https:\/\/www.notijalapa.net\/noticias\/wp-json\/wp\/v2\/media\/5418"}],"wp:attachment":[{"href":"https:\/\/www.notijalapa.net\/noticias\/wp-json\/wp\/v2\/media?parent=5424"}],"wp:term":[{"taxonomy":"category","embeddable":true,"href":"https:\/\/www.notijalapa.net\/noticias\/wp-json\/wp\/v2\/categories?post=5424"},{"taxonomy":"post_tag","embeddable":true,"href":"https:\/\/www.notijalapa.net\/noticias\/wp-json\/wp\/v2\/tags?post=5424"}],"curies":[{"name":"wp","href":"https:\/\/api.w.org\/{rel}","templated":true}]}}