{"id":5331,"date":"2022-05-25T12:05:09","date_gmt":"2022-05-25T12:05:09","guid":{"rendered":"https:\/\/www.notijalapa.net\/noticias\/?p=5331"},"modified":"2022-05-25T12:16:40","modified_gmt":"2022-05-25T12:16:40","slug":"dos-accidentes-de-transito-se-reportan-en-la-cabecera-departamental-casi-de-forma-simultanea","status":"publish","type":"post","link":"https:\/\/www.notijalapa.net\/noticias\/2022\/05\/25\/dos-accidentes-de-transito-se-reportan-en-la-cabecera-departamental-casi-de-forma-simultanea\/","title":{"rendered":"Dos accidentes de tr\u00e1nsito se reportan en la cabecera departamental casi de forma simultanea"},"content":{"rendered":"<p>Accidente de tr\u00e1nsito se reporta en la conocida como Calzada Justo Rufino Barrio, en Jalapa, Bomberos Voluntarios fueron requeridos en el lugar atendiendo al se\u00f1or V\u00edctor Antonio Alarc\u00f3n y Alarc\u00f3n; de 35 a\u00f1os.<\/p>\n<p><a href=\"https:\/\/www.notijalapa.net\/noticias\/2022\/05\/25\/buscan-capacitar-a-los-profesionales-para-que-ayuden-a-los-ninos-y-adolescentes\/\">MIRA: Buscan capacitar a los profesionales para que ayuden a los ni\u00f1os y adolescentes<\/a><\/p>\n<p>Seg\u00fan el Bombero Voluntario Jaime Parras, esta persona presentaba politraumatismo generalizado, mismo que le ocasionaron cuando se conduc\u00eda en una motocicleta y fuera a impactar contra un veh\u00edculo particular, fue estabilizado y trasladado a un centro asistencial privado, posteriormente fue trasladado a un centro asistencial en la ciudad capital.<\/p>\n<p><iframe loading=\"lazy\" title=\"Dos Accidentes De Tr\u00e1nsito Se Reportan En La Cabecera Departamental Casi De Forma Simultanea 1\" width=\"640\" height=\"360\" src=\"https:\/\/www.youtube.com\/embed\/WbstZTTaBY8?feature=oembed\" frameborder=\"0\" allow=\"accelerometer; autoplay; clipboard-write; encrypted-media; gyroscope; picture-in-picture; web-share\" referrerpolicy=\"strict-origin-when-cross-origin\" allowfullscreen><\/iframe><\/p>\n<p>Mientras que en la Avenida Chipilapa B entre 2da. y 3ra avenida zona 6, del barrio Chipilapa de Jalapa, atendieron a Esvin Estuardo Lemus; de 50 a\u00f1os, quien presentaba m\u00faltiples golpes y laceraciones en diferentes partes del cuerpo, mismas que se ocasiono cuando se conduc\u00eda en una motocicleta y por causas que se desconocen fue a impactar en la parte trasera de un veh\u00edculo, fue trasladado para su curaci\u00f3n respectiva a la emergencia del hospital nacional de Jalapa.<\/p>\n<p style=\"text-align: center;\"><iframe loading=\"lazy\" style=\"border: none; overflow: hidden;\" src=\"https:\/\/www.facebook.com\/plugins\/post.php?href=https%3A%2F%2Fwww.facebook.com%2Fpermalink.php%3Fstory_fbid%3D5167254630057313%26id%3D541551329294356&amp;show_text=true&amp;width=500\" width=\"500\" height=\"773\" frameborder=\"0\" scrolling=\"no\" allowfullscreen=\"allowfullscreen\"><\/iframe><\/p>\n","protected":false},"excerpt":{"rendered":"<p>Accidente de tr\u00e1nsito se reporta en la conocida como Calzada Justo Rufino Barrio, en Jalapa, Bomberos Voluntarios fueron requeridos en el lugar atendiendo al se\u00f1or V\u00edctor Antonio Alarc\u00f3n y Alarc\u00f3n; de 35 a\u00f1os. MIRA: Buscan capacitar a los profesionales para que ayuden a los ni\u00f1os y adolescentes Seg\u00fan el Bombero Voluntario Jaime Parras, esta persona presentaba politraumatismo generalizado, mismo que le ocasionaron cuando se conduc\u00eda en una motocicleta y fuera a impactar contra un veh\u00edculo particular, fue estabilizado y trasladado a un centro asistencial privado, posteriormente fue trasladado a un&hellip;<\/p>\n","protected":false},"author":2,"featured_media":5323,"comment_status":"open","ping_status":"open","sticky":false,"template":"","format":"standard","meta":{"footnotes":""},"categories":[3],"tags":[1308,1307],"class_list":["post-5331","post","type-post","status-publish","format-standard","has-post-thumbnail","hentry","category-locales","tag-cabecera-departamental","tag-dos-accidentes-de-transito"],"gutentor_comment":0,"_links":{"self":[{"href":"https:\/\/www.notijalapa.net\/noticias\/wp-json\/wp\/v2\/posts\/5331","targetHints":{"allow":["GET"]}}],"collection":[{"href":"https:\/\/www.notijalapa.net\/noticias\/wp-json\/wp\/v2\/posts"}],"about":[{"href":"https:\/\/www.notijalapa.net\/noticias\/wp-json\/wp\/v2\/types\/post"}],"author":[{"embeddable":true,"href":"https:\/\/www.notijalapa.net\/noticias\/wp-json\/wp\/v2\/users\/2"}],"replies":[{"embeddable":true,"href":"https:\/\/www.notijalapa.net\/noticias\/wp-json\/wp\/v2\/comments?post=5331"}],"version-history":[{"count":2,"href":"https:\/\/www.notijalapa.net\/noticias\/wp-json\/wp\/v2\/posts\/5331\/revisions"}],"predecessor-version":[{"id":5340,"href":"https:\/\/www.notijalapa.net\/noticias\/wp-json\/wp\/v2\/posts\/5331\/revisions\/5340"}],"wp:featuredmedia":[{"embeddable":true,"href":"https:\/\/www.notijalapa.net\/noticias\/wp-json\/wp\/v2\/media\/5323"}],"wp:attachment":[{"href":"https:\/\/www.notijalapa.net\/noticias\/wp-json\/wp\/v2\/media?parent=5331"}],"wp:term":[{"taxonomy":"category","embeddable":true,"href":"https:\/\/www.notijalapa.net\/noticias\/wp-json\/wp\/v2\/categories?post=5331"},{"taxonomy":"post_tag","embeddable":true,"href":"https:\/\/www.notijalapa.net\/noticias\/wp-json\/wp\/v2\/tags?post=5331"}],"curies":[{"name":"wp","href":"https:\/\/api.w.org\/{rel}","templated":true}]}}