{"id":5329,"date":"2022-05-25T12:04:29","date_gmt":"2022-05-25T12:04:29","guid":{"rendered":"https:\/\/www.notijalapa.net\/noticias\/?p=5329"},"modified":"2022-05-25T12:17:43","modified_gmt":"2022-05-25T12:17:43","slug":"buscan-capacitar-a-los-profesionales-para-que-ayuden-a-los-ninos-y-adolescentes","status":"publish","type":"post","link":"https:\/\/www.notijalapa.net\/noticias\/2022\/05\/25\/buscan-capacitar-a-los-profesionales-para-que-ayuden-a-los-ninos-y-adolescentes\/","title":{"rendered":"Buscan capacitar a los profesionales para que ayuden a los ni\u00f1os y adolescentes"},"content":{"rendered":"<p>Este martes se realiz\u00f3 un diplomado con docentes y personal de salud del departamento, esto debido al alto \u00edndice de embarazos, suicidios y diferentes factores que afectan a la ni\u00f1ez y adolescencia, seg\u00fan lo dio a conocer Noemi L\u00f3pez educadora de campo de Coincidir.<\/p>\n<p><a href=\"https:\/\/www.notijalapa.net\/noticias\/2022\/05\/25\/dos-accidentes-de-transito-se-reportan-en-la-cabecera-departamental-casi-de-forma-simultanea\/\">MIRA: Dos accidentes de tr\u00e1nsito se reportan en la cabecera departamental casi de forma simultanea<\/a><\/p>\n<p>El objetivo de este diplomado es, que estas personas desde sus puestos de trabajo, ayuden a los ni\u00f1os y adolescentes, para que estas problem\u00e1ticas disminuyan y as\u00ed evitar que m\u00e1s ni\u00f1as menores resulten embarazas o que se quiten la vida porque no saben como salir de una crisis o del problema en el que se encuentran.<\/p>\n<p><iframe loading=\"lazy\" title=\"Buscan Capacitar A Los Profesionales Para Que Ayuden A Los Ni\u00f1os Y Adolescentes 1\" width=\"640\" height=\"360\" src=\"https:\/\/www.youtube.com\/embed\/gdW_F0XBcGY?feature=oembed\" frameborder=\"0\" allow=\"accelerometer; autoplay; clipboard-write; encrypted-media; gyroscope; picture-in-picture; web-share\" referrerpolicy=\"strict-origin-when-cross-origin\" allowfullscreen><\/iframe><\/p>\n<p>Este es el primer diplomado que realizan y est\u00e1n coordinado ya con diferentes delegados de instituciones, para que se realicen otros diplomados y se pueda fortalecer m\u00e1s el trabajo que permita ayudar a los ni\u00f1os y adolescentes.<\/p>\n<p style=\"text-align: center;\"><iframe loading=\"lazy\" style=\"border: none; overflow: hidden;\" src=\"https:\/\/www.facebook.com\/plugins\/post.php?href=https%3A%2F%2Fwww.facebook.com%2Fpermalink.php%3Fstory_fbid%3D5167252090057567%26id%3D541551329294356&amp;show_text=true&amp;width=500\" width=\"500\" height=\"793\" frameborder=\"0\" scrolling=\"no\" allowfullscreen=\"allowfullscreen\"><\/iframe><\/p>\n","protected":false},"excerpt":{"rendered":"<p>Este martes se realiz\u00f3 un diplomado con docentes y personal de salud del departamento, esto debido al alto \u00edndice de embarazos, suicidios y diferentes factores que afectan a la ni\u00f1ez y adolescencia, seg\u00fan lo dio a conocer Noemi L\u00f3pez educadora de campo de Coincidir. MIRA: Dos accidentes de tr\u00e1nsito se reportan en la cabecera departamental casi de forma simultanea El objetivo de este diplomado es, que estas personas desde sus puestos de trabajo, ayuden a los ni\u00f1os y adolescentes, para que estas problem\u00e1ticas disminuyan y as\u00ed evitar que m\u00e1s ni\u00f1as&hellip;<\/p>\n","protected":false},"author":2,"featured_media":5322,"comment_status":"open","ping_status":"open","sticky":false,"template":"","format":"standard","meta":{"footnotes":""},"categories":[3],"tags":[1305,1306],"class_list":["post-5329","post","type-post","status-publish","format-standard","has-post-thumbnail","hentry","category-locales","tag-capacitar-a-los-profesionales","tag-ninos-y-adolescentes"],"gutentor_comment":0,"_links":{"self":[{"href":"https:\/\/www.notijalapa.net\/noticias\/wp-json\/wp\/v2\/posts\/5329","targetHints":{"allow":["GET"]}}],"collection":[{"href":"https:\/\/www.notijalapa.net\/noticias\/wp-json\/wp\/v2\/posts"}],"about":[{"href":"https:\/\/www.notijalapa.net\/noticias\/wp-json\/wp\/v2\/types\/post"}],"author":[{"embeddable":true,"href":"https:\/\/www.notijalapa.net\/noticias\/wp-json\/wp\/v2\/users\/2"}],"replies":[{"embeddable":true,"href":"https:\/\/www.notijalapa.net\/noticias\/wp-json\/wp\/v2\/comments?post=5329"}],"version-history":[{"count":2,"href":"https:\/\/www.notijalapa.net\/noticias\/wp-json\/wp\/v2\/posts\/5329\/revisions"}],"predecessor-version":[{"id":5341,"href":"https:\/\/www.notijalapa.net\/noticias\/wp-json\/wp\/v2\/posts\/5329\/revisions\/5341"}],"wp:featuredmedia":[{"embeddable":true,"href":"https:\/\/www.notijalapa.net\/noticias\/wp-json\/wp\/v2\/media\/5322"}],"wp:attachment":[{"href":"https:\/\/www.notijalapa.net\/noticias\/wp-json\/wp\/v2\/media?parent=5329"}],"wp:term":[{"taxonomy":"category","embeddable":true,"href":"https:\/\/www.notijalapa.net\/noticias\/wp-json\/wp\/v2\/categories?post=5329"},{"taxonomy":"post_tag","embeddable":true,"href":"https:\/\/www.notijalapa.net\/noticias\/wp-json\/wp\/v2\/tags?post=5329"}],"curies":[{"name":"wp","href":"https:\/\/api.w.org\/{rel}","templated":true}]}}