{"id":5027,"date":"2022-05-11T12:07:01","date_gmt":"2022-05-11T12:07:01","guid":{"rendered":"https:\/\/www.notijalapa.net\/noticias\/?p=5027"},"modified":"2022-05-11T12:18:09","modified_gmt":"2022-05-11T12:18:09","slug":"estamos-a-dias-de-ingresar-a-la-temporada-de-invierno","status":"publish","type":"post","link":"https:\/\/www.notijalapa.net\/noticias\/2022\/05\/11\/estamos-a-dias-de-ingresar-a-la-temporada-de-invierno\/","title":{"rendered":"Estamos a d\u00edas de ingresar a la temporada de invierno"},"content":{"rendered":"<p>Seg\u00fan los pron\u00f3sticos del insivumeh, se van a tener nubosidades, esto favorece a la presencia de lluvias en el territorio nacional y Jalapa no es la excepci\u00f3n, seg\u00fan lo dio a conocer Jos\u00e9 Bola\u00f1os delegado de la CONRED en Jalapa.<\/p>\n<p><a href=\"https:\/\/www.notijalapa.net\/noticias\/2022\/05\/11\/en-lo-que-va-del-ano-73-casos-de-ninos-con-desnutricion-han-sido-localizados-en-jalapa\/\">MIRA: En lo que va del a\u00f1o 73 casos de ni\u00f1os con desnutrici\u00f3n han sido localizados en Jalapa<\/a><\/p>\n<p>En horas del d\u00eda se van a tener nublados dispersos y en horas de la tarde nublados parciales y totales, presencia de lluvias leves a moderadas, en Jalapa se podr\u00edan presentar lluvias en las partes altas del departamento.<\/p>\n<p><iframe loading=\"lazy\" title=\"Estamos A D\u00edas De Ingresar A La Temporada De Invierno 1\" width=\"640\" height=\"360\" src=\"https:\/\/www.youtube.com\/embed\/go-8rZuE3wQ?feature=oembed\" frameborder=\"0\" allow=\"accelerometer; autoplay; clipboard-write; encrypted-media; gyroscope; picture-in-picture; web-share\" referrerpolicy=\"strict-origin-when-cross-origin\" allowfullscreen><\/iframe><\/p>\n<p>Estas lluvias vienen acompa\u00f1adas de vientos que van desde los 25 a 30 kil\u00f3metros por hora, se tendr\u00e1 una actividad el\u00e9ctrica, por lo tanto, tomen sus medidas de prevenci\u00f3n, porque ya estamos ingresado a la etapa de invierno.<\/p>\n<p>Recordemos que ya estamos pr\u00f3ximos a entrar a la temporada de invierno, con ello se podr\u00edan empezar a generar algunos fen\u00f3menos naturales, por lo que tomen sus medidas de prevenci\u00f3n, puntualizo.<\/p>\n<p style=\"text-align: center;\"><iframe loading=\"lazy\" style=\"border: none; overflow: hidden;\" src=\"https:\/\/www.facebook.com\/plugins\/post.php?href=https%3A%2F%2Fwww.facebook.com%2Fpermalink.php%3Fstory_fbid%3D5125815567534553%26id%3D541551329294356&amp;show_text=true&amp;width=500\" width=\"500\" height=\"754\" frameborder=\"0\" scrolling=\"no\" allowfullscreen=\"allowfullscreen\"><\/iframe><\/p>\n","protected":false},"excerpt":{"rendered":"<p>Seg\u00fan los pron\u00f3sticos del insivumeh, se van a tener nubosidades, esto favorece a la presencia de lluvias en el territorio nacional y Jalapa no es la excepci\u00f3n, seg\u00fan lo dio a conocer Jos\u00e9 Bola\u00f1os delegado de la CONRED en Jalapa. MIRA: En lo que va del a\u00f1o 73 casos de ni\u00f1os con desnutrici\u00f3n han sido localizados en Jalapa En horas del d\u00eda se van a tener nublados dispersos y en horas de la tarde nublados parciales y totales, presencia de lluvias leves a moderadas, en Jalapa se podr\u00edan presentar lluvias&hellip;<\/p>\n","protected":false},"author":2,"featured_media":5028,"comment_status":"open","ping_status":"open","sticky":false,"template":"","format":"standard","meta":{"footnotes":""},"categories":[3],"tags":[1207,1206],"class_list":["post-5027","post","type-post","status-publish","format-standard","has-post-thumbnail","hentry","category-locales","tag-de-la-temporada-de-invierno","tag-estamos-a-dias"],"gutentor_comment":0,"_links":{"self":[{"href":"https:\/\/www.notijalapa.net\/noticias\/wp-json\/wp\/v2\/posts\/5027","targetHints":{"allow":["GET"]}}],"collection":[{"href":"https:\/\/www.notijalapa.net\/noticias\/wp-json\/wp\/v2\/posts"}],"about":[{"href":"https:\/\/www.notijalapa.net\/noticias\/wp-json\/wp\/v2\/types\/post"}],"author":[{"embeddable":true,"href":"https:\/\/www.notijalapa.net\/noticias\/wp-json\/wp\/v2\/users\/2"}],"replies":[{"embeddable":true,"href":"https:\/\/www.notijalapa.net\/noticias\/wp-json\/wp\/v2\/comments?post=5027"}],"version-history":[{"count":2,"href":"https:\/\/www.notijalapa.net\/noticias\/wp-json\/wp\/v2\/posts\/5027\/revisions"}],"predecessor-version":[{"id":5034,"href":"https:\/\/www.notijalapa.net\/noticias\/wp-json\/wp\/v2\/posts\/5027\/revisions\/5034"}],"wp:featuredmedia":[{"embeddable":true,"href":"https:\/\/www.notijalapa.net\/noticias\/wp-json\/wp\/v2\/media\/5028"}],"wp:attachment":[{"href":"https:\/\/www.notijalapa.net\/noticias\/wp-json\/wp\/v2\/media?parent=5027"}],"wp:term":[{"taxonomy":"category","embeddable":true,"href":"https:\/\/www.notijalapa.net\/noticias\/wp-json\/wp\/v2\/categories?post=5027"},{"taxonomy":"post_tag","embeddable":true,"href":"https:\/\/www.notijalapa.net\/noticias\/wp-json\/wp\/v2\/tags?post=5027"}],"curies":[{"name":"wp","href":"https:\/\/api.w.org\/{rel}","templated":true}]}}