{"id":5025,"date":"2022-05-11T12:06:02","date_gmt":"2022-05-11T12:06:02","guid":{"rendered":"https:\/\/www.notijalapa.net\/noticias\/?p=5025"},"modified":"2022-05-11T12:19:09","modified_gmt":"2022-05-11T12:19:09","slug":"buscaran-que-la-refaccion-escolar-sea-entregada-siempre-en-viveres","status":"publish","type":"post","link":"https:\/\/www.notijalapa.net\/noticias\/2022\/05\/11\/buscaran-que-la-refaccion-escolar-sea-entregada-siempre-en-viveres\/","title":{"rendered":"Buscaran que la refacci\u00f3n escolar sea entregada siempre en v\u00edveres"},"content":{"rendered":"<p>La refacci\u00f3n escolar desde que inicio la pandemia debido a la modalidad que han venido trabajando de entregarla en v\u00edveres, ha beneficiado a disminuir la desnutrici\u00f3n en todo el departamento de Jalapa, seg\u00fan lo dio a conocer el Ing. Erick Orellana delegado de SESAN.<\/p>\n<p><a href=\"https:\/\/www.notijalapa.net\/noticias\/2022\/05\/11\/nueve-proyectos-han-presentado-ante-el-codede-para-ejecutar-el-proximo-ano\/\">MIRA: Nueve proyectos han presentado ante el CODEDE para ejecutar el pr\u00f3ximo a\u00f1o<\/a><\/p>\n<p>Recordemos que con la refacci\u00f3n escolar que es entregada en v\u00edveres, se han beneficiado no solo los ni\u00f1os que est\u00e1n dentro de los centros educativos, sino tambi\u00e9n a los ni\u00f1os que a\u00fan no est\u00e1n en edad escolar, y que con eso los padres de familia tienen algo que comer.<\/p>\n<p><iframe loading=\"lazy\" title=\"Buscaran Que La Refacci\u00f3n Escolar Sea Entregada Siempre En V\u00edveres 1\" width=\"640\" height=\"360\" src=\"https:\/\/www.youtube.com\/embed\/bOQWyC_AF7o?feature=oembed\" frameborder=\"0\" allow=\"accelerometer; autoplay; clipboard-write; encrypted-media; gyroscope; picture-in-picture; web-share\" referrerpolicy=\"strict-origin-when-cross-origin\" allowfullscreen><\/iframe><\/p>\n<p>Est\u00e1n ya en coordinaciones con el Ministerio de Educaci\u00f3n, para que cuando los ni\u00f1os retornen a las escuelas, la refacci\u00f3n escolar se siga entregando en v\u00edveres, esto porque en los \u00faltimos dos a\u00f1os ha beneficiado a reducir la desnutrici\u00f3n en el departamento.<\/p>\n<p style=\"text-align: center;\"><iframe loading=\"lazy\" style=\"border: none; overflow: hidden;\" src=\"https:\/\/www.facebook.com\/plugins\/post.php?href=https%3A%2F%2Fwww.facebook.com%2Fpermalink.php%3Fstory_fbid%3D5125811510868292%26id%3D541551329294356&amp;show_text=true&amp;width=500\" width=\"500\" height=\"793\" frameborder=\"0\" scrolling=\"no\" allowfullscreen=\"allowfullscreen\"><\/iframe><\/p>\n","protected":false},"excerpt":{"rendered":"<p>La refacci\u00f3n escolar desde que inicio la pandemia debido a la modalidad que han venido trabajando de entregarla en v\u00edveres, ha beneficiado a disminuir la desnutrici\u00f3n en todo el departamento de Jalapa, seg\u00fan lo dio a conocer el Ing. Erick Orellana delegado de SESAN. MIRA: Nueve proyectos han presentado ante el CODEDE para ejecutar el pr\u00f3ximo a\u00f1o Recordemos que con la refacci\u00f3n escolar que es entregada en v\u00edveres, se han beneficiado no solo los ni\u00f1os que est\u00e1n dentro de los centros educativos, sino tambi\u00e9n a los ni\u00f1os que a\u00fan no&hellip;<\/p>\n","protected":false},"author":2,"featured_media":5018,"comment_status":"open","ping_status":"open","sticky":false,"template":"","format":"standard","meta":{"footnotes":""},"categories":[3],"tags":[205,1205],"class_list":["post-5025","post","type-post","status-publish","format-standard","has-post-thumbnail","hentry","category-locales","tag-refaccion-escolar","tag-sea-entregada-siempre-en-viveres"],"gutentor_comment":0,"_links":{"self":[{"href":"https:\/\/www.notijalapa.net\/noticias\/wp-json\/wp\/v2\/posts\/5025","targetHints":{"allow":["GET"]}}],"collection":[{"href":"https:\/\/www.notijalapa.net\/noticias\/wp-json\/wp\/v2\/posts"}],"about":[{"href":"https:\/\/www.notijalapa.net\/noticias\/wp-json\/wp\/v2\/types\/post"}],"author":[{"embeddable":true,"href":"https:\/\/www.notijalapa.net\/noticias\/wp-json\/wp\/v2\/users\/2"}],"replies":[{"embeddable":true,"href":"https:\/\/www.notijalapa.net\/noticias\/wp-json\/wp\/v2\/comments?post=5025"}],"version-history":[{"count":2,"href":"https:\/\/www.notijalapa.net\/noticias\/wp-json\/wp\/v2\/posts\/5025\/revisions"}],"predecessor-version":[{"id":5035,"href":"https:\/\/www.notijalapa.net\/noticias\/wp-json\/wp\/v2\/posts\/5025\/revisions\/5035"}],"wp:featuredmedia":[{"embeddable":true,"href":"https:\/\/www.notijalapa.net\/noticias\/wp-json\/wp\/v2\/media\/5018"}],"wp:attachment":[{"href":"https:\/\/www.notijalapa.net\/noticias\/wp-json\/wp\/v2\/media?parent=5025"}],"wp:term":[{"taxonomy":"category","embeddable":true,"href":"https:\/\/www.notijalapa.net\/noticias\/wp-json\/wp\/v2\/categories?post=5025"},{"taxonomy":"post_tag","embeddable":true,"href":"https:\/\/www.notijalapa.net\/noticias\/wp-json\/wp\/v2\/tags?post=5025"}],"curies":[{"name":"wp","href":"https:\/\/api.w.org\/{rel}","templated":true}]}}