{"id":4835,"date":"2022-04-30T12:53:22","date_gmt":"2022-04-30T12:53:22","guid":{"rendered":"https:\/\/www.notijalapa.net\/noticias\/?p=4835"},"modified":"2022-04-30T13:07:11","modified_gmt":"2022-04-30T13:07:11","slug":"tres-centros-educativos-de-nivel-medio-sector-oficial-trabajan-de-manera-presencial","status":"publish","type":"post","link":"https:\/\/www.notijalapa.net\/noticias\/2022\/04\/30\/tres-centros-educativos-de-nivel-medio-sector-oficial-trabajan-de-manera-presencial\/","title":{"rendered":"Tres centros educativos de nivel medio sector oficial trabajan de manera presencial"},"content":{"rendered":"<p>Est\u00e1n a la espera de que el Ministerio de Salud publique el acuerdo por medio del cual ya algunas de las medidas que estaban incluidas en el acuerdo anterior quedan sin efecto para las clases presenciales, seg\u00fan lo dio a conocer Lic. Adelino Ucelo Superviso Educativo del nivel medio sector p\u00fablico.<\/p>\n<p><a href=\"https:\/\/www.notijalapa.net\/noticias\/2022\/04\/30\/tumulos-deberian-ser-pintados-para-evitar-accidentes\/\">MIRA: T\u00famulos deber\u00edan ser pintados para evitar accidentes<\/a><\/p>\n<p>Basados en esos lineamientos y al protocolo que debe realizar el Ministerio de Educaci\u00f3n, se deben de ir ajustando las acciones que se van a realizar en los centros educativos, esto para iniciar la segunda unidad y luego pensar en un posible retorno a clases, esto se tendr\u00e1 que dar de una forma gradual y progresivo en cada uno de los centros educativos.<\/p>\n<p><iframe loading=\"lazy\" title=\"Tres Centros Educativos De Nivel Medio Sector Oficial Trabajan De Manera Presencial 1\" width=\"640\" height=\"360\" src=\"https:\/\/www.youtube.com\/embed\/tUBtou5msP0?feature=oembed\" frameborder=\"0\" allow=\"accelerometer; autoplay; clipboard-write; encrypted-media; gyroscope; picture-in-picture; web-share\" referrerpolicy=\"strict-origin-when-cross-origin\" allowfullscreen><\/iframe><\/p>\n<p>Cabe mencionar que si hay padres de familia que no dejaran ir a sus hijos al centro educativo, se estar\u00e1 trabajando de manera viruta, pero si por medio del Ministerio de Educaci\u00f3n env\u00edan un acuerdo que todos los alumnos deber\u00e1n regresar a las escuelas se debe de cumplir.<\/p>\n<p>Actualmente hay tres centros educativos del sector p\u00fablico que ya tienen la presencialidad, los otros siete centros educativos ya est\u00e1n en gestiones para trabajar de manera hibrida.<\/p>\n<p style=\"text-align: center;\"><iframe loading=\"lazy\" style=\"border: none; overflow: hidden;\" src=\"https:\/\/www.facebook.com\/plugins\/post.php?href=https%3A%2F%2Fwww.facebook.com%2Fpermalink.php%3Fstory_fbid%3D5095558930560217%26id%3D541551329294356&amp;show_text=true&amp;width=500\" width=\"500\" height=\"773\" frameborder=\"0\" scrolling=\"no\" allowfullscreen=\"allowfullscreen\"><\/iframe><\/p>\n","protected":false},"excerpt":{"rendered":"<p>Est\u00e1n a la espera de que el Ministerio de Salud publique el acuerdo por medio del cual ya algunas de las medidas que estaban incluidas en el acuerdo anterior quedan sin efecto para las clases presenciales, seg\u00fan lo dio a conocer Lic. Adelino Ucelo Superviso Educativo del nivel medio sector p\u00fablico. MIRA: T\u00famulos deber\u00edan ser pintados para evitar accidentes Basados en esos lineamientos y al protocolo que debe realizar el Ministerio de Educaci\u00f3n, se deben de ir ajustando las acciones que se van a realizar en los centros educativos, esto&hellip;<\/p>\n","protected":false},"author":2,"featured_media":4828,"comment_status":"open","ping_status":"open","sticky":false,"template":"","format":"standard","meta":{"footnotes":""},"categories":[3],"tags":[1146,1145],"class_list":["post-4835","post","type-post","status-publish","format-standard","has-post-thumbnail","hentry","category-locales","tag-trabajan-de-manera-presencial","tag-tres-centros"],"gutentor_comment":0,"_links":{"self":[{"href":"https:\/\/www.notijalapa.net\/noticias\/wp-json\/wp\/v2\/posts\/4835","targetHints":{"allow":["GET"]}}],"collection":[{"href":"https:\/\/www.notijalapa.net\/noticias\/wp-json\/wp\/v2\/posts"}],"about":[{"href":"https:\/\/www.notijalapa.net\/noticias\/wp-json\/wp\/v2\/types\/post"}],"author":[{"embeddable":true,"href":"https:\/\/www.notijalapa.net\/noticias\/wp-json\/wp\/v2\/users\/2"}],"replies":[{"embeddable":true,"href":"https:\/\/www.notijalapa.net\/noticias\/wp-json\/wp\/v2\/comments?post=4835"}],"version-history":[{"count":2,"href":"https:\/\/www.notijalapa.net\/noticias\/wp-json\/wp\/v2\/posts\/4835\/revisions"}],"predecessor-version":[{"id":4848,"href":"https:\/\/www.notijalapa.net\/noticias\/wp-json\/wp\/v2\/posts\/4835\/revisions\/4848"}],"wp:featuredmedia":[{"embeddable":true,"href":"https:\/\/www.notijalapa.net\/noticias\/wp-json\/wp\/v2\/media\/4828"}],"wp:attachment":[{"href":"https:\/\/www.notijalapa.net\/noticias\/wp-json\/wp\/v2\/media?parent=4835"}],"wp:term":[{"taxonomy":"category","embeddable":true,"href":"https:\/\/www.notijalapa.net\/noticias\/wp-json\/wp\/v2\/categories?post=4835"},{"taxonomy":"post_tag","embeddable":true,"href":"https:\/\/www.notijalapa.net\/noticias\/wp-json\/wp\/v2\/tags?post=4835"}],"curies":[{"name":"wp","href":"https:\/\/api.w.org\/{rel}","templated":true}]}}