{"id":4669,"date":"2022-04-23T12:40:47","date_gmt":"2022-04-23T12:40:47","guid":{"rendered":"https:\/\/www.notijalapa.net\/noticias\/?p=4669"},"modified":"2022-04-23T13:00:27","modified_gmt":"2022-04-23T13:00:27","slug":"caudal-del-rio-jalapa-disminuye-y-perjudica-para-la-distribucion-de-agua","status":"publish","type":"post","link":"https:\/\/www.notijalapa.net\/noticias\/2022\/04\/23\/caudal-del-rio-jalapa-disminuye-y-perjudica-para-la-distribucion-de-agua\/","title":{"rendered":"Caudal del rio Jalapa disminuye y perjudica para la distribuci\u00f3n de agua"},"content":{"rendered":"<p>La planta central de agua, que est\u00e1 ubicada al final del barrio El Porvenir, abastase el vital l\u00edquido de un 75 por ciento de las viviendas del casco urbano de Jalapa, y el otro 25 por ciento lo abastece los diferentes pozos que se encuentran ubicados a las orillas del pueblo, seg\u00fan lo dio a conocer Geodany Escobar Gerente de Jalapagua.<\/p>\n<p><a href=\"https:\/\/www.notijalapa.net\/noticias\/2022\/04\/23\/conmemoran-el-dia-del-emprendimiento\/\">MIRA: Conmemoran el D\u00eda del Emprendimiento<\/a><\/p>\n<p>Lamentablemente para esta \u00e9poca de verano, el caudal del rio disminuye y eso les est\u00e1 perjudicando actualmente, porque se deben de realizar varios cortes de agua, para que los tanque se llenen y despu\u00e9s distribuirla a la poblaci\u00f3n, por ello en algunos sectores de Jalapa en cierto horario no cuentan con el servicio del vital l\u00edquido.<\/p>\n<p><iframe loading=\"lazy\" title=\"Caudal Del Rio Jalapa Disminuye Y Perjudica Para La Distribuci\u00f3n De Agua 1\" width=\"640\" height=\"360\" src=\"https:\/\/www.youtube.com\/embed\/wJQn63lML-0?feature=oembed\" frameborder=\"0\" allow=\"accelerometer; autoplay; clipboard-write; encrypted-media; gyroscope; picture-in-picture; web-share\" referrerpolicy=\"strict-origin-when-cross-origin\" allowfullscreen><\/iframe><\/p>\n<p>Hace un llamado a todas aquellas personas para que utilicen el agua adecuadamente, que no la desperdicien m\u00e1s en esta \u00e9poca de verano, esto porque el caudal es muy poco y no alcanza para distribuirla durante todo el d\u00eda, por ello utilicen adecuadamente el agua, no la desperdicien, no rieguen las calles, porque tambi\u00e9n podr\u00edan ser sancionados.<\/p>\n<p style=\"text-align: center;\"><iframe loading=\"lazy\" style=\"border: none; overflow: hidden;\" src=\"https:\/\/www.facebook.com\/plugins\/post.php?href=https%3A%2F%2Fwww.facebook.com%2Fpermalink.php%3Fstory_fbid%3D5076806735768770%26id%3D541551329294356&amp;show_text=true&amp;width=500\" width=\"500\" height=\"792\" frameborder=\"0\" scrolling=\"no\" allowfullscreen=\"allowfullscreen\"><\/iframe><\/p>\n","protected":false},"excerpt":{"rendered":"<p>La planta central de agua, que est\u00e1 ubicada al final del barrio El Porvenir, abastase el vital l\u00edquido de un 75 por ciento de las viviendas del casco urbano de Jalapa, y el otro 25 por ciento lo abastece los diferentes pozos que se encuentran ubicados a las orillas del pueblo, seg\u00fan lo dio a conocer Geodany Escobar Gerente de Jalapagua. MIRA: Conmemoran el D\u00eda del Emprendimiento Lamentablemente para esta \u00e9poca de verano, el caudal del rio disminuye y eso les est\u00e1 perjudicando actualmente, porque se deben de realizar varios&hellip;<\/p>\n","protected":false},"author":2,"featured_media":4670,"comment_status":"open","ping_status":"open","sticky":false,"template":"","format":"standard","meta":{"footnotes":""},"categories":[3],"tags":[1084,1085],"class_list":["post-4669","post","type-post","status-publish","format-standard","has-post-thumbnail","hentry","category-locales","tag-caudal-del-rio-jalapa","tag-disminuye-y-perjudica"],"gutentor_comment":0,"_links":{"self":[{"href":"https:\/\/www.notijalapa.net\/noticias\/wp-json\/wp\/v2\/posts\/4669","targetHints":{"allow":["GET"]}}],"collection":[{"href":"https:\/\/www.notijalapa.net\/noticias\/wp-json\/wp\/v2\/posts"}],"about":[{"href":"https:\/\/www.notijalapa.net\/noticias\/wp-json\/wp\/v2\/types\/post"}],"author":[{"embeddable":true,"href":"https:\/\/www.notijalapa.net\/noticias\/wp-json\/wp\/v2\/users\/2"}],"replies":[{"embeddable":true,"href":"https:\/\/www.notijalapa.net\/noticias\/wp-json\/wp\/v2\/comments?post=4669"}],"version-history":[{"count":2,"href":"https:\/\/www.notijalapa.net\/noticias\/wp-json\/wp\/v2\/posts\/4669\/revisions"}],"predecessor-version":[{"id":4694,"href":"https:\/\/www.notijalapa.net\/noticias\/wp-json\/wp\/v2\/posts\/4669\/revisions\/4694"}],"wp:featuredmedia":[{"embeddable":true,"href":"https:\/\/www.notijalapa.net\/noticias\/wp-json\/wp\/v2\/media\/4670"}],"wp:attachment":[{"href":"https:\/\/www.notijalapa.net\/noticias\/wp-json\/wp\/v2\/media?parent=4669"}],"wp:term":[{"taxonomy":"category","embeddable":true,"href":"https:\/\/www.notijalapa.net\/noticias\/wp-json\/wp\/v2\/categories?post=4669"},{"taxonomy":"post_tag","embeddable":true,"href":"https:\/\/www.notijalapa.net\/noticias\/wp-json\/wp\/v2\/tags?post=4669"}],"curies":[{"name":"wp","href":"https:\/\/api.w.org\/{rel}","templated":true}]}}