{"id":4173,"date":"2022-03-30T13:04:35","date_gmt":"2022-03-30T13:04:35","guid":{"rendered":"https:\/\/www.notijalapa.net\/noticias\/?p=4173"},"modified":"2022-03-30T13:23:29","modified_gmt":"2022-03-30T13:23:29","slug":"funcionarios-publicos-deben-de-renunciar-si-desean-participar-en-elecciones","status":"publish","type":"post","link":"https:\/\/www.notijalapa.net\/noticias\/2022\/03\/30\/funcionarios-publicos-deben-de-renunciar-si-desean-participar-en-elecciones\/","title":{"rendered":"Funcionarios p\u00fablicos deben de renunciar si desean participar en elecciones"},"content":{"rendered":"<p>Para todos aquellos funcionarios p\u00fablicos que quieran participar en un evento electoral, deben de renunciar tres meses antes de la convocatoria a elecciones, eso quiere decir que deben de renunciar en septiembre del presente a\u00f1o, seg\u00fan lo dio a conocer Ad\u00e1n Morales delegado del Tribunal Supremo Electoral en Jalapa.<\/p>\n<p><a href=\"https:\/\/www.notijalapa.net\/noticias\/2022\/03\/30\/asesinado-tenia-record-criminal\/\">MIRA: Asesinado ten\u00eda r\u00e9cord criminal<\/a><\/p>\n<p>Las \u00fanicas personas que se salvan de esta regla son los docentes y los que trabajan en el servicio social, en el caso de los alcaldes y diputados esta regla no aplica, debido a que las entidades son aut\u00f3nomas.<\/p>\n<p><iframe loading=\"lazy\" title=\"Funcionarios P\u00fablicos Deben De Renunciar Si Desean Participar En Elecciones 1\" width=\"640\" height=\"360\" src=\"https:\/\/www.youtube.com\/embed\/vn9gVORP1lk?feature=oembed\" frameborder=\"0\" allow=\"accelerometer; autoplay; clipboard-write; encrypted-media; gyroscope; picture-in-picture; web-share\" referrerpolicy=\"strict-origin-when-cross-origin\" allowfullscreen><\/iframe><\/p>\n<p>Por lo tanto, hace un llamado a todos aquellos funcionarios p\u00fablicos que tienen pensado participar en un puesto de elecci\u00f3n popular, deben de renunciar a su trabajo antes de la convocatoria a elecciones.<\/p>\n","protected":false},"excerpt":{"rendered":"<p>Para todos aquellos funcionarios p\u00fablicos que quieran participar en un evento electoral, deben de renunciar tres meses antes de la convocatoria a elecciones, eso quiere decir que deben de renunciar en septiembre del presente a\u00f1o, seg\u00fan lo dio a conocer Ad\u00e1n Morales delegado del Tribunal Supremo Electoral en Jalapa. MIRA: Asesinado ten\u00eda r\u00e9cord criminal Las \u00fanicas personas que se salvan de esta regla son los docentes y los que trabajan en el servicio social, en el caso de los alcaldes y diputados esta regla no aplica, debido a que las&hellip;<\/p>\n","protected":false},"author":2,"featured_media":4174,"comment_status":"open","ping_status":"open","sticky":false,"template":"","format":"standard","meta":{"footnotes":""},"categories":[3],"tags":[934,933],"class_list":["post-4173","post","type-post","status-publish","format-standard","has-post-thumbnail","hentry","category-locales","tag-convocatoria-a-elecciones","tag-funcionarios-publicos"],"gutentor_comment":0,"_links":{"self":[{"href":"https:\/\/www.notijalapa.net\/noticias\/wp-json\/wp\/v2\/posts\/4173","targetHints":{"allow":["GET"]}}],"collection":[{"href":"https:\/\/www.notijalapa.net\/noticias\/wp-json\/wp\/v2\/posts"}],"about":[{"href":"https:\/\/www.notijalapa.net\/noticias\/wp-json\/wp\/v2\/types\/post"}],"author":[{"embeddable":true,"href":"https:\/\/www.notijalapa.net\/noticias\/wp-json\/wp\/v2\/users\/2"}],"replies":[{"embeddable":true,"href":"https:\/\/www.notijalapa.net\/noticias\/wp-json\/wp\/v2\/comments?post=4173"}],"version-history":[{"count":3,"href":"https:\/\/www.notijalapa.net\/noticias\/wp-json\/wp\/v2\/posts\/4173\/revisions"}],"predecessor-version":[{"id":4198,"href":"https:\/\/www.notijalapa.net\/noticias\/wp-json\/wp\/v2\/posts\/4173\/revisions\/4198"}],"wp:featuredmedia":[{"embeddable":true,"href":"https:\/\/www.notijalapa.net\/noticias\/wp-json\/wp\/v2\/media\/4174"}],"wp:attachment":[{"href":"https:\/\/www.notijalapa.net\/noticias\/wp-json\/wp\/v2\/media?parent=4173"}],"wp:term":[{"taxonomy":"category","embeddable":true,"href":"https:\/\/www.notijalapa.net\/noticias\/wp-json\/wp\/v2\/categories?post=4173"},{"taxonomy":"post_tag","embeddable":true,"href":"https:\/\/www.notijalapa.net\/noticias\/wp-json\/wp\/v2\/tags?post=4173"}],"curies":[{"name":"wp","href":"https:\/\/api.w.org\/{rel}","templated":true}]}}