{"id":4108,"date":"2022-03-26T13:27:57","date_gmt":"2022-03-26T13:27:57","guid":{"rendered":"https:\/\/www.notijalapa.net\/noticias\/?p=4108"},"modified":"2022-03-26T13:55:11","modified_gmt":"2022-03-26T13:55:11","slug":"fuertes-vientos-por-ingreso-de-frente-frio-al-pais","status":"publish","type":"post","link":"https:\/\/www.notijalapa.net\/noticias\/2022\/03\/26\/fuertes-vientos-por-ingreso-de-frente-frio-al-pais\/","title":{"rendered":"Fuertes vientos por ingreso de frente frio al pa\u00eds"},"content":{"rendered":"<p>Seg\u00fan la informaci\u00f3n que tienen por parte del insivumeh para este fin de semana, se tenia previsto que a mediados de la semana ingresara un frente frio acompa\u00f1ado de humedad, pero fue hasta este viernes que se hizo presente, seg\u00fan lo dio a conocer Jos\u00e9 Bola\u00f1os delegado de la CONRED en Jalapa.<\/p>\n<p><a href=\"https:\/\/www.notijalapa.net\/noticias\/2022\/03\/26\/tanto-el-calor-como-el-frio-causan-danos-en-la-salud\/\">MIRA: Tanto el calor como el frio causan da\u00f1os en la salud<\/a><\/p>\n<p>El d\u00eda viernes, se tuvieron descensos de temperatura desde horas de la ma\u00f1ana, lo cual es a causa de la inestabilidad que hay en el mar caribe y pac\u00edfico, no se descarta que se van a tener nublados totales durante el d\u00eda y se podr\u00edan generar algunas lluvias leves a moderadas.<\/p>\n<p><iframe loading=\"lazy\" title=\"Fuertes Vientos Por Ingreso De Frente Frio Al Pa\u00eds 1\" width=\"640\" height=\"360\" src=\"https:\/\/www.youtube.com\/embed\/UBUJgGyQHZM?feature=oembed\" frameborder=\"0\" allow=\"accelerometer; autoplay; clipboard-write; encrypted-media; gyroscope; picture-in-picture; web-share\" referrerpolicy=\"strict-origin-when-cross-origin\" allowfullscreen><\/iframe><\/p>\n<p>Para este fin de semana el clima ser\u00e1 bastante frio, se deben de tomar las medidas de prevenci\u00f3n, esta por el frente frio que ha ingresado al pa\u00eds, se deben abrigar de la mejor manera para evitar sufrir enfermedades respiratorias.<\/p>\n<p style=\"text-align: center;\"><iframe loading=\"lazy\" style=\"border: none; overflow: hidden;\" src=\"https:\/\/www.facebook.com\/plugins\/post.php?href=https%3A%2F%2Fwww.facebook.com%2Fpermalink.php%3Fstory_fbid%3D5003868319729279%26id%3D541551329294356&amp;show_text=true&amp;width=500\" width=\"500\" height=\"773\" frameborder=\"0\" scrolling=\"no\" allowfullscreen=\"allowfullscreen\"><\/iframe><\/p>\n","protected":false},"excerpt":{"rendered":"<p>Seg\u00fan la informaci\u00f3n que tienen por parte del insivumeh para este fin de semana, se tenia previsto que a mediados de la semana ingresara un frente frio acompa\u00f1ado de humedad, pero fue hasta este viernes que se hizo presente, seg\u00fan lo dio a conocer Jos\u00e9 Bola\u00f1os delegado de la CONRED en Jalapa. MIRA: Tanto el calor como el frio causan da\u00f1os en la salud El d\u00eda viernes, se tuvieron descensos de temperatura desde horas de la ma\u00f1ana, lo cual es a causa de la inestabilidad que hay en el mar&hellip;<\/p>\n","protected":false},"author":2,"featured_media":4109,"comment_status":"open","ping_status":"open","sticky":false,"template":"","format":"standard","meta":{"footnotes":""},"categories":[3],"tags":[921,97],"class_list":["post-4108","post","type-post","status-publish","format-standard","has-post-thumbnail","hentry","category-locales","tag-frente-frio","tag-insivumeh"],"gutentor_comment":0,"_links":{"self":[{"href":"https:\/\/www.notijalapa.net\/noticias\/wp-json\/wp\/v2\/posts\/4108","targetHints":{"allow":["GET"]}}],"collection":[{"href":"https:\/\/www.notijalapa.net\/noticias\/wp-json\/wp\/v2\/posts"}],"about":[{"href":"https:\/\/www.notijalapa.net\/noticias\/wp-json\/wp\/v2\/types\/post"}],"author":[{"embeddable":true,"href":"https:\/\/www.notijalapa.net\/noticias\/wp-json\/wp\/v2\/users\/2"}],"replies":[{"embeddable":true,"href":"https:\/\/www.notijalapa.net\/noticias\/wp-json\/wp\/v2\/comments?post=4108"}],"version-history":[{"count":2,"href":"https:\/\/www.notijalapa.net\/noticias\/wp-json\/wp\/v2\/posts\/4108\/revisions"}],"predecessor-version":[{"id":4131,"href":"https:\/\/www.notijalapa.net\/noticias\/wp-json\/wp\/v2\/posts\/4108\/revisions\/4131"}],"wp:featuredmedia":[{"embeddable":true,"href":"https:\/\/www.notijalapa.net\/noticias\/wp-json\/wp\/v2\/media\/4109"}],"wp:attachment":[{"href":"https:\/\/www.notijalapa.net\/noticias\/wp-json\/wp\/v2\/media?parent=4108"}],"wp:term":[{"taxonomy":"category","embeddable":true,"href":"https:\/\/www.notijalapa.net\/noticias\/wp-json\/wp\/v2\/categories?post=4108"},{"taxonomy":"post_tag","embeddable":true,"href":"https:\/\/www.notijalapa.net\/noticias\/wp-json\/wp\/v2\/tags?post=4108"}],"curies":[{"name":"wp","href":"https:\/\/api.w.org\/{rel}","templated":true}]}}