{"id":4082,"date":"2022-03-25T13:20:09","date_gmt":"2022-03-25T13:20:09","guid":{"rendered":"https:\/\/www.notijalapa.net\/noticias\/?p=4082"},"modified":"2022-03-25T13:38:35","modified_gmt":"2022-03-25T13:38:35","slug":"con-charlas-informativas-conmemoran-la-lucha-contra-la-tuberculosis","status":"publish","type":"post","link":"https:\/\/www.notijalapa.net\/noticias\/2022\/03\/25\/con-charlas-informativas-conmemoran-la-lucha-contra-la-tuberculosis\/","title":{"rendered":"Con charlas informativas conmemoran la lucha contra la tuberculosis"},"content":{"rendered":"<p>Este 24 de marzo, realizaron la conmemoraci\u00f3n de lucha contra la tuberculosis, dando a conocer la importancia que es conocer esta enfermedad, cu\u00e1les son los s\u00edntomas y sobre todo de c\u00f3mo se puede prevenir los resultados fatales, seg\u00fan lo dio a conocer Karla Ortega de la Oficina de Espacios Amigables del \u00c1rea de Salud.<\/p>\n<p><a href=\"https:\/\/www.notijalapa.net\/noticias\/2022\/03\/25\/realizan-feria-educativa-en-san-pedro-pinula\/\">MIRA: Realizan feria educativa en San Pedro Pinula<\/a><\/p>\n<p>La Tuberculosis es una enfermedad pulmonar, que afecta todos los \u00f3rganos de nuestro cuerpo, pero especialmente a los pulmones, todos estamos expuestos a que seamos contagiados por este virus, que es mortal, contagioso, pero tambi\u00e9n hay cura.<\/p>\n<p><iframe loading=\"lazy\" title=\"Con Charlas Informativas Conmemoran La Lucha Contra La Tuberculosis 1\" width=\"640\" height=\"360\" src=\"https:\/\/www.youtube.com\/embed\/jtQIcxiUehY?feature=oembed\" frameborder=\"0\" allow=\"accelerometer; autoplay; clipboard-write; encrypted-media; gyroscope; picture-in-picture; web-share\" referrerpolicy=\"strict-origin-when-cross-origin\" allowfullscreen><\/iframe><\/p>\n<p>\u00bfC\u00f3mo se puede detectar? a trav\u00e9s de los s\u00edntomas, recordemos que hay muchas enfermedades respiratorias, m\u00e1s ahora con el Covid-19 que los s\u00edntomas son similares a cualquier otra enfermedad respiratoria, pero la tuberculosis su principal s\u00edntoma es tos con flema por m\u00e1s de quince d\u00edas, y es necesario ir a un centro asistencial o a los puestos de salud para recibir atenci\u00f3n m\u00e9dica, evitar que se complique y causarle la muerte.<\/p>\n<p style=\"text-align: center;\"><iframe loading=\"lazy\" style=\"border: none; overflow: hidden;\" src=\"https:\/\/www.facebook.com\/plugins\/post.php?href=https%3A%2F%2Fwww.facebook.com%2Fpermalink.php%3Fstory_fbid%3D5001259353323509%26id%3D541551329294356&amp;show_text=true&amp;width=500\" width=\"500\" height=\"773\" frameborder=\"0\" scrolling=\"no\" allowfullscreen=\"allowfullscreen\"><\/iframe><\/p>\n","protected":false},"excerpt":{"rendered":"<p>Este 24 de marzo, realizaron la conmemoraci\u00f3n de lucha contra la tuberculosis, dando a conocer la importancia que es conocer esta enfermedad, cu\u00e1les son los s\u00edntomas y sobre todo de c\u00f3mo se puede prevenir los resultados fatales, seg\u00fan lo dio a conocer Karla Ortega de la Oficina de Espacios Amigables del \u00c1rea de Salud. MIRA: Realizan feria educativa en San Pedro Pinula La Tuberculosis es una enfermedad pulmonar, que afecta todos los \u00f3rganos de nuestro cuerpo, pero especialmente a los pulmones, todos estamos expuestos a que seamos contagiados por este&hellip;<\/p>\n","protected":false},"author":2,"featured_media":4083,"comment_status":"open","ping_status":"open","sticky":false,"template":"","format":"standard","meta":{"footnotes":""},"categories":[3],"tags":[913,912],"class_list":["post-4082","post","type-post","status-publish","format-standard","has-post-thumbnail","hentry","category-locales","tag-contra-la-tuberculosis","tag-este-24-de-marzo"],"gutentor_comment":0,"_links":{"self":[{"href":"https:\/\/www.notijalapa.net\/noticias\/wp-json\/wp\/v2\/posts\/4082","targetHints":{"allow":["GET"]}}],"collection":[{"href":"https:\/\/www.notijalapa.net\/noticias\/wp-json\/wp\/v2\/posts"}],"about":[{"href":"https:\/\/www.notijalapa.net\/noticias\/wp-json\/wp\/v2\/types\/post"}],"author":[{"embeddable":true,"href":"https:\/\/www.notijalapa.net\/noticias\/wp-json\/wp\/v2\/users\/2"}],"replies":[{"embeddable":true,"href":"https:\/\/www.notijalapa.net\/noticias\/wp-json\/wp\/v2\/comments?post=4082"}],"version-history":[{"count":2,"href":"https:\/\/www.notijalapa.net\/noticias\/wp-json\/wp\/v2\/posts\/4082\/revisions"}],"predecessor-version":[{"id":4107,"href":"https:\/\/www.notijalapa.net\/noticias\/wp-json\/wp\/v2\/posts\/4082\/revisions\/4107"}],"wp:featuredmedia":[{"embeddable":true,"href":"https:\/\/www.notijalapa.net\/noticias\/wp-json\/wp\/v2\/media\/4083"}],"wp:attachment":[{"href":"https:\/\/www.notijalapa.net\/noticias\/wp-json\/wp\/v2\/media?parent=4082"}],"wp:term":[{"taxonomy":"category","embeddable":true,"href":"https:\/\/www.notijalapa.net\/noticias\/wp-json\/wp\/v2\/categories?post=4082"},{"taxonomy":"post_tag","embeddable":true,"href":"https:\/\/www.notijalapa.net\/noticias\/wp-json\/wp\/v2\/tags?post=4082"}],"curies":[{"name":"wp","href":"https:\/\/api.w.org\/{rel}","templated":true}]}}