{"id":3999,"date":"2022-03-22T14:10:20","date_gmt":"2022-03-22T14:10:20","guid":{"rendered":"https:\/\/www.notijalapa.net\/noticias\/?p=3999"},"modified":"2022-03-22T14:27:13","modified_gmt":"2022-03-22T14:27:13","slug":"en-el-fin-de-semana-a-dos-personas-le-quitaron-la-vida","status":"publish","type":"post","link":"https:\/\/www.notijalapa.net\/noticias\/2022\/03\/22\/en-el-fin-de-semana-a-dos-personas-le-quitaron-la-vida\/","title":{"rendered":"En el fin de semana a dos personas le quitaron la vida"},"content":{"rendered":"<p>Durante el fin de semana, se reportaron al menos dos hechos de violencia en diferentes lugares de Jalapa, en donde dos personas fallecieron, las autoridades ya han iniciado con las investigaciones para dar con los presuntos responsables, seg\u00fan lo dio a conocer Jos\u00e9 V\u00e1zquez delegado de la oficina de comunicaci\u00f3n social de PNC.<\/p>\n<p><a href=\"https:\/\/www.notijalapa.net\/noticias\/2022\/03\/22\/bomberos-atendieron-varios-servicios-este-fin-de-semana\/\">MIRA: Bomberos atendieron varios servicios este fin de semana<\/a><\/p>\n<p>En un callej\u00f3n de terracer\u00eda conocido como La Flor Amarrilla, del caser\u00edo Sansirisay, aldea Palo Verde, se reporta el primer hecho de violencia, en el lugar queda fallecida una persona de sexo masculino, quien fue identificado como \u00c1lvaro L\u00f3pez y L\u00f3pez; de 37 a\u00f1os, quien fue asesinado de varias heridas de arma blanca.<\/p>\n<p><iframe loading=\"lazy\" title=\"En El Fin De Semana A Dos Personas Le Quitaron La Vida 1\" width=\"640\" height=\"360\" src=\"https:\/\/www.youtube.com\/embed\/znMsjU4_x-U?feature=oembed\" frameborder=\"0\" allow=\"accelerometer; autoplay; clipboard-write; encrypted-media; gyroscope; picture-in-picture; web-share\" referrerpolicy=\"strict-origin-when-cross-origin\" allowfullscreen><\/iframe><\/p>\n<p>As\u00ed mismo en horas de la noche del pasado domingo, en la aldea Los Magueyes, en el municipio de Mataquescuintla, se reporta un ataque armado en el lugar queda fallecido el se\u00f1or Selvin Emilio Muralles; de 44 a\u00f1os, quien fue atacado por sujetos desconocidos quienes le ocasionaron varias heridas de arma de fuego.<\/p>\n<p>Agentes de la Polic\u00eda Nacional Civil, se presentaron a los diferentes hechos de violencia, quienes coordinaron la Presencia del Fiscal del Ministerio P\u00fablico, quien llego acompa\u00f1ado de peritos en recolecci\u00f3n de evidencias, con el objetivo de suscribir el acta de rigor del levantamiento de los cad\u00e1veres y culminar las diligencias con remitir los cuerpos a la morgue del Instituto Nacional en Ciencias Forenses para las necropsias correspondientes e iniciar con las investigaciones cient\u00edficas.<\/p>\n<p style=\"text-align: center;\"><iframe loading=\"lazy\" style=\"border: none; overflow: hidden;\" src=\"https:\/\/www.facebook.com\/plugins\/post.php?href=https%3A%2F%2Fwww.facebook.com%2Fpermalink.php%3Fstory_fbid%3D4993549777427800%26id%3D541551329294356&amp;show_text=true&amp;width=500\" width=\"500\" height=\"792\" frameborder=\"0\" scrolling=\"no\" allowfullscreen=\"allowfullscreen\"><\/iframe><\/p>\n","protected":false},"excerpt":{"rendered":"<p>Durante el fin de semana, se reportaron al menos dos hechos de violencia en diferentes lugares de Jalapa, en donde dos personas fallecieron, las autoridades ya han iniciado con las investigaciones para dar con los presuntos responsables, seg\u00fan lo dio a conocer Jos\u00e9 V\u00e1zquez delegado de la oficina de comunicaci\u00f3n social de PNC. MIRA: Bomberos atendieron varios servicios este fin de semana En un callej\u00f3n de terracer\u00eda conocido como La Flor Amarrilla, del caser\u00edo Sansirisay, aldea Palo Verde, se reporta el primer hecho de violencia, en el lugar queda fallecida&hellip;<\/p>\n","protected":false},"author":2,"featured_media":3992,"comment_status":"open","ping_status":"open","sticky":false,"template":"","format":"standard","meta":{"footnotes":""},"categories":[3],"tags":[392,888],"class_list":["post-3999","post","type-post","status-publish","format-standard","has-post-thumbnail","hentry","category-locales","tag-dos-hechos-de-violencia","tag-dos-personas-fallecieron"],"gutentor_comment":0,"_links":{"self":[{"href":"https:\/\/www.notijalapa.net\/noticias\/wp-json\/wp\/v2\/posts\/3999","targetHints":{"allow":["GET"]}}],"collection":[{"href":"https:\/\/www.notijalapa.net\/noticias\/wp-json\/wp\/v2\/posts"}],"about":[{"href":"https:\/\/www.notijalapa.net\/noticias\/wp-json\/wp\/v2\/types\/post"}],"author":[{"embeddable":true,"href":"https:\/\/www.notijalapa.net\/noticias\/wp-json\/wp\/v2\/users\/2"}],"replies":[{"embeddable":true,"href":"https:\/\/www.notijalapa.net\/noticias\/wp-json\/wp\/v2\/comments?post=3999"}],"version-history":[{"count":2,"href":"https:\/\/www.notijalapa.net\/noticias\/wp-json\/wp\/v2\/posts\/3999\/revisions"}],"predecessor-version":[{"id":4012,"href":"https:\/\/www.notijalapa.net\/noticias\/wp-json\/wp\/v2\/posts\/3999\/revisions\/4012"}],"wp:featuredmedia":[{"embeddable":true,"href":"https:\/\/www.notijalapa.net\/noticias\/wp-json\/wp\/v2\/media\/3992"}],"wp:attachment":[{"href":"https:\/\/www.notijalapa.net\/noticias\/wp-json\/wp\/v2\/media?parent=3999"}],"wp:term":[{"taxonomy":"category","embeddable":true,"href":"https:\/\/www.notijalapa.net\/noticias\/wp-json\/wp\/v2\/categories?post=3999"},{"taxonomy":"post_tag","embeddable":true,"href":"https:\/\/www.notijalapa.net\/noticias\/wp-json\/wp\/v2\/tags?post=3999"}],"curies":[{"name":"wp","href":"https:\/\/api.w.org\/{rel}","templated":true}]}}