{"id":3917,"date":"2022-03-17T13:43:14","date_gmt":"2022-03-17T13:43:14","guid":{"rendered":"https:\/\/www.notijalapa.net\/noticias\/?p=3917"},"modified":"2022-03-17T14:44:35","modified_gmt":"2022-03-17T14:44:35","slug":"quieres-ser-bombero-voluntario","status":"publish","type":"post","link":"https:\/\/www.notijalapa.net\/noticias\/2022\/03\/17\/quieres-ser-bombero-voluntario\/","title":{"rendered":"\u00bfQuieres ser Bombero Voluntario?"},"content":{"rendered":"<p>Luego de no tener convocatorias para aspirantes a Bomberos Voluntarios por la pandemia, este a\u00f1o han decidido abrir nuevamente la convocatoria para que personas entre los 18 a 38 a\u00f1os, puedan formar parte de esta instituci\u00f3n, seg\u00fan lo dio a conocer el Galonista de Bomberos Voluntarios Jaime Parras.<\/p>\n<p><a href=\"https:\/\/www.notijalapa.net\/noticias\/2022\/03\/17\/tres-motocicletas-fueron-localizadas-con-reporte-de-robo\/\">MIRA: Tres motocicletas fueron localizadas con reporte de robo<\/a><\/p>\n<p>Debido que para estas capacitaciones se necesita tener un buen estado de salud, condici\u00f3n f\u00edsica y psicol\u00f3gica, este a\u00f1o las personas que quieran ser aspirantes a bomberos, deben de llenar una solicitud, posteriormente se har\u00e1 un examen pr\u00e1ctico, psicol\u00f3gico y de salud, para ver quienes est\u00e1n aptos para ser los aspirantes.<\/p>\n<p><iframe loading=\"lazy\" title=\"Quieres Ser Bombero Voluntario 1\" width=\"640\" height=\"360\" src=\"https:\/\/www.youtube.com\/embed\/oXIyOHEtGaE?feature=oembed\" frameborder=\"0\" allow=\"accelerometer; autoplay; clipboard-write; encrypted-media; gyroscope; picture-in-picture; web-share\" referrerpolicy=\"strict-origin-when-cross-origin\" allowfullscreen><\/iframe><\/p>\n<p>La 44 Compa\u00f1\u00eda de Bomberos Voluntarios es la extensi\u00f3n n\u00famero cuatro de la academia de Bomberos, por ello las personas que quieran formar parte del equipo del casco negro, pueden pedir la solicitud a cada una de sus compa\u00f1\u00edas, para luego evaluarlos y ver quienes est\u00e1n aptos para ingresar.<\/p>\n<p>Se tienen hasta los primeros d\u00edas del mes de abril para que puedan llenar esta solicitud, las personas que pasen estos ex\u00e1menes despu\u00e9s deber\u00e1n llevar algunos requisitos que piden para que puedan ser capacitados y formar parte del Benem\u00e9rito Cuerpo Voluntario de Bomberos de Guatemala.<\/p>\n<p style=\"text-align: center;\"><iframe loading=\"lazy\" style=\"border: none; overflow: hidden;\" src=\"https:\/\/www.facebook.com\/plugins\/post.php?href=https%3A%2F%2Fwww.facebook.com%2Fpermalink.php%3Fstory_fbid%3D4980601775389267%26id%3D541551329294356&amp;show_text=true&amp;width=500\" width=\"500\" height=\"773\" frameborder=\"0\" scrolling=\"no\" allowfullscreen=\"allowfullscreen\"><\/iframe><\/p>\n","protected":false},"excerpt":{"rendered":"<p>Luego de no tener convocatorias para aspirantes a Bomberos Voluntarios por la pandemia, este a\u00f1o han decidido abrir nuevamente la convocatoria para que personas entre los 18 a 38 a\u00f1os, puedan formar parte de esta instituci\u00f3n, seg\u00fan lo dio a conocer el Galonista de Bomberos Voluntarios Jaime Parras. MIRA: Tres motocicletas fueron localizadas con reporte de robo Debido que para estas capacitaciones se necesita tener un buen estado de salud, condici\u00f3n f\u00edsica y psicol\u00f3gica, este a\u00f1o las personas que quieran ser aspirantes a bomberos, deben de llenar una solicitud, posteriormente&hellip;<\/p>\n","protected":false},"author":2,"featured_media":3918,"comment_status":"open","ping_status":"open","sticky":false,"template":"","format":"standard","meta":{"footnotes":""},"categories":[3],"tags":[866,868,867],"class_list":["post-3917","post","type-post","status-publish","format-standard","has-post-thumbnail","hentry","category-locales","tag-aspirantes-a-bomberos-voluntarios","tag-condicion-fisica-y-psicologica","tag-salud"],"gutentor_comment":0,"_links":{"self":[{"href":"https:\/\/www.notijalapa.net\/noticias\/wp-json\/wp\/v2\/posts\/3917","targetHints":{"allow":["GET"]}}],"collection":[{"href":"https:\/\/www.notijalapa.net\/noticias\/wp-json\/wp\/v2\/posts"}],"about":[{"href":"https:\/\/www.notijalapa.net\/noticias\/wp-json\/wp\/v2\/types\/post"}],"author":[{"embeddable":true,"href":"https:\/\/www.notijalapa.net\/noticias\/wp-json\/wp\/v2\/users\/2"}],"replies":[{"embeddable":true,"href":"https:\/\/www.notijalapa.net\/noticias\/wp-json\/wp\/v2\/comments?post=3917"}],"version-history":[{"count":3,"href":"https:\/\/www.notijalapa.net\/noticias\/wp-json\/wp\/v2\/posts\/3917\/revisions"}],"predecessor-version":[{"id":3921,"href":"https:\/\/www.notijalapa.net\/noticias\/wp-json\/wp\/v2\/posts\/3917\/revisions\/3921"}],"wp:featuredmedia":[{"embeddable":true,"href":"https:\/\/www.notijalapa.net\/noticias\/wp-json\/wp\/v2\/media\/3918"}],"wp:attachment":[{"href":"https:\/\/www.notijalapa.net\/noticias\/wp-json\/wp\/v2\/media?parent=3917"}],"wp:term":[{"taxonomy":"category","embeddable":true,"href":"https:\/\/www.notijalapa.net\/noticias\/wp-json\/wp\/v2\/categories?post=3917"},{"taxonomy":"post_tag","embeddable":true,"href":"https:\/\/www.notijalapa.net\/noticias\/wp-json\/wp\/v2\/tags?post=3917"}],"curies":[{"name":"wp","href":"https:\/\/api.w.org\/{rel}","templated":true}]}}