{"id":3913,"date":"2022-03-17T13:41:35","date_gmt":"2022-03-17T13:41:35","guid":{"rendered":"https:\/\/www.notijalapa.net\/noticias\/?p=3913"},"modified":"2022-03-17T14:46:13","modified_gmt":"2022-03-17T14:46:13","slug":"realizan-foro-en-el-marco-del-dia-internacional-de-la-mujer","status":"publish","type":"post","link":"https:\/\/www.notijalapa.net\/noticias\/2022\/03\/17\/realizan-foro-en-el-marco-del-dia-internacional-de-la-mujer\/","title":{"rendered":"Realizan foro en el marco del d\u00eda internacional de la mujer"},"content":{"rendered":"<p>Este mi\u00e9rcoles, estuvieron conmemorando el d\u00eda internacional de la mujer, en donde estuvieron participando m\u00e1s de 125 mujeres del departamento de Jalapa, seg\u00fan lo dio a conocer la Licda. Lucia Peraza gerente de Cosmoprof.<\/p>\n<p><a href=\"https:\/\/www.notijalapa.net\/noticias\/2022\/03\/17\/esperan-que-en-el-mes-de-abril-finalice-la-remodelacion\/\">MIRA: Esperan que en el mes de abril finalice la remodelaci\u00f3n<\/a><\/p>\n<p>Las mujeres est\u00e1n necesitadas de espacios, es por ello que realizaron un foro en los diferentes \u00e1mbitos de mujer, pero esta vez con una caracter\u00edstica independiente que tienen a un hombre para hablar de las mujeres desde la perspectiva de ese g\u00e9nero.<\/p>\n<p><iframe loading=\"lazy\" title=\"Realizan Foro En El Marco Del D\u00eda Internacional De La Mujer 1\" width=\"640\" height=\"360\" src=\"https:\/\/www.youtube.com\/embed\/QeRFopFZzRw?feature=oembed\" frameborder=\"0\" allow=\"accelerometer; autoplay; clipboard-write; encrypted-media; gyroscope; picture-in-picture; web-share\" referrerpolicy=\"strict-origin-when-cross-origin\" allowfullscreen><\/iframe><\/p>\n<p>Estuvieron participando mujeres de las comunidades de San Pedro Pinula, San Luis Jilotepeque, San Carlos Alzatate, Monjas y el casco urbano de Jalapa.<\/p>\n<p>Como panelistas estuvieron participando la presidenta del Benem\u00e9rito Comit\u00e9 de Pro-ciegos, la Licda. Cecilia Isabel Aguirre de PDH, Licda. Cecilia Cardona del Ministerio de Trabajo, fundaciones de la sociedad civil de Monjas y San Carlos Alzatate, entre otras.<\/p>\n<p style=\"text-align: center;\"><iframe loading=\"lazy\" style=\"border: none; overflow: hidden;\" src=\"https:\/\/www.facebook.com\/plugins\/post.php?href=https%3A%2F%2Fwww.facebook.com%2Fpermalink.php%3Fstory_fbid%3D4980595785389866%26id%3D541551329294356&amp;show_text=true&amp;width=500\" width=\"500\" height=\"773\" frameborder=\"0\" scrolling=\"no\" allowfullscreen=\"allowfullscreen\"><\/iframe><\/p>\n","protected":false},"excerpt":{"rendered":"<p>Este mi\u00e9rcoles, estuvieron conmemorando el d\u00eda internacional de la mujer, en donde estuvieron participando m\u00e1s de 125 mujeres del departamento de Jalapa, seg\u00fan lo dio a conocer la Licda. Lucia Peraza gerente de Cosmoprof. MIRA: Esperan que en el mes de abril finalice la remodelaci\u00f3n Las mujeres est\u00e1n necesitadas de espacios, es por ello que realizaron un foro en los diferentes \u00e1mbitos de mujer, pero esta vez con una caracter\u00edstica independiente que tienen a un hombre para hablar de las mujeres desde la perspectiva de ese g\u00e9nero. Estuvieron participando mujeres&hellip;<\/p>\n","protected":false},"author":2,"featured_media":3905,"comment_status":"open","ping_status":"open","sticky":false,"template":"","format":"standard","meta":{"footnotes":""},"categories":[3],"tags":[863,864],"class_list":["post-3913","post","type-post","status-publish","format-standard","has-post-thumbnail","hentry","category-locales","tag-125-mujeres","tag-dia-internacional"],"gutentor_comment":0,"_links":{"self":[{"href":"https:\/\/www.notijalapa.net\/noticias\/wp-json\/wp\/v2\/posts\/3913","targetHints":{"allow":["GET"]}}],"collection":[{"href":"https:\/\/www.notijalapa.net\/noticias\/wp-json\/wp\/v2\/posts"}],"about":[{"href":"https:\/\/www.notijalapa.net\/noticias\/wp-json\/wp\/v2\/types\/post"}],"author":[{"embeddable":true,"href":"https:\/\/www.notijalapa.net\/noticias\/wp-json\/wp\/v2\/users\/2"}],"replies":[{"embeddable":true,"href":"https:\/\/www.notijalapa.net\/noticias\/wp-json\/wp\/v2\/comments?post=3913"}],"version-history":[{"count":2,"href":"https:\/\/www.notijalapa.net\/noticias\/wp-json\/wp\/v2\/posts\/3913\/revisions"}],"predecessor-version":[{"id":3923,"href":"https:\/\/www.notijalapa.net\/noticias\/wp-json\/wp\/v2\/posts\/3913\/revisions\/3923"}],"wp:featuredmedia":[{"embeddable":true,"href":"https:\/\/www.notijalapa.net\/noticias\/wp-json\/wp\/v2\/media\/3905"}],"wp:attachment":[{"href":"https:\/\/www.notijalapa.net\/noticias\/wp-json\/wp\/v2\/media?parent=3913"}],"wp:term":[{"taxonomy":"category","embeddable":true,"href":"https:\/\/www.notijalapa.net\/noticias\/wp-json\/wp\/v2\/categories?post=3913"},{"taxonomy":"post_tag","embeddable":true,"href":"https:\/\/www.notijalapa.net\/noticias\/wp-json\/wp\/v2\/tags?post=3913"}],"curies":[{"name":"wp","href":"https:\/\/api.w.org\/{rel}","templated":true}]}}