{"id":3514,"date":"2022-02-26T14:23:57","date_gmt":"2022-02-26T14:23:57","guid":{"rendered":"https:\/\/www.notijalapa.net\/noticias\/?p=3514"},"modified":"2022-02-26T15:38:10","modified_gmt":"2022-02-26T15:38:10","slug":"celebraran-los-39-anos-de-fundacion-de-los-bomberos-voluntarios-de-jalapa","status":"publish","type":"post","link":"https:\/\/www.notijalapa.net\/noticias\/2022\/02\/26\/celebraran-los-39-anos-de-fundacion-de-los-bomberos-voluntarios-de-jalapa\/","title":{"rendered":"Celebraran los 39 a\u00f1os de fundaci\u00f3n de los Bomberos Voluntarios de Jalapa"},"content":{"rendered":"<p>El 27 de febrero, celebran el aniversario de la 44 Compa\u00f1\u00eda de Bomberos Voluntarios de Jalapa, en donde van a desarrollar diversas actividades. Se realizar\u00e1 una competencia bomberil en donde se van a usar mecanismos que se han venido trabajando y que esto sirva para refrescar un poco los conocimientos de cada uno de los elementos, seg\u00fan lo dio a conocer Jaime Parras Galonista de Bomberos Voluntarios.<\/p>\n<p><a href=\"https:\/\/www.notijalapa.net\/noticias\/2022\/02\/26\/casos-de-covid-19-continuan-aumentando-en-jalapa\/\">MIRA: Casos de Covid-19 contin\u00faan aumentando en Jalapa<\/a><\/p>\n<p>Van a contar con el apoyo de varias compa\u00f1\u00edas de la regi\u00f3n y compa\u00f1\u00edas invitadas, quienes se han sumado a este evento, que se va a realizar el d\u00eda domingo 27 de febrero en el trascurso de la ma\u00f1ana en el Estadio Las Flores de Jalapa.<\/p>\n<p><iframe loading=\"lazy\" title=\"Celebraran Los 39 A\u00f1os De Fundaci\u00f3n De Los Bomberos Voluntarios De Jalapa 1\" width=\"640\" height=\"360\" src=\"https:\/\/www.youtube.com\/embed\/lKzB6ueHNUQ?feature=oembed\" frameborder=\"0\" allow=\"accelerometer; autoplay; clipboard-write; encrypted-media; gyroscope; picture-in-picture; web-share\" referrerpolicy=\"strict-origin-when-cross-origin\" allowfullscreen><\/iframe><\/p>\n<p>Cada compa\u00f1\u00eda realiza su aniversario, en Jalapa se fundo la 44 Compa\u00f1\u00eda de Bomberos Voluntarios el 27 de febrero del a\u00f1o 1983, por ello es que van a realizar esas actividades en conmemoraci\u00f3n de los 39 a\u00f1os de fundaci\u00f3n de la compa\u00f1\u00eda de Jalapa.<\/p>\n<p style=\"text-align: center;\"><iframe loading=\"lazy\" style=\"border: none; overflow: hidden;\" src=\"https:\/\/www.facebook.com\/plugins\/post.php?href=https%3A%2F%2Fwww.facebook.com%2Fpermalink.php%3Fstory_fbid%3D4929249237191188%26id%3D541551329294356&amp;show_text=true&amp;width=500\" width=\"500\" height=\"773\" frameborder=\"0\" scrolling=\"no\" allowfullscreen=\"allowfullscreen\"><\/iframe><\/p>\n","protected":false},"excerpt":{"rendered":"<p>El 27 de febrero, celebran el aniversario de la 44 Compa\u00f1\u00eda de Bomberos Voluntarios de Jalapa, en donde van a desarrollar diversas actividades. Se realizar\u00e1 una competencia bomberil en donde se van a usar mecanismos que se han venido trabajando y que esto sirva para refrescar un poco los conocimientos de cada uno de los elementos, seg\u00fan lo dio a conocer Jaime Parras Galonista de Bomberos Voluntarios. MIRA: Casos de Covid-19 contin\u00faan aumentando en Jalapa Van a contar con el apoyo de varias compa\u00f1\u00edas de la regi\u00f3n y compa\u00f1\u00edas invitadas,&hellip;<\/p>\n","protected":false},"author":2,"featured_media":3504,"comment_status":"open","ping_status":"open","sticky":false,"template":"","format":"standard","meta":{"footnotes":""},"categories":[3],"tags":[744,743],"class_list":["post-3514","post","type-post","status-publish","format-standard","has-post-thumbnail","hentry","category-locales","tag-39-anos-de-fundacion","tag-44-compania-de-bomberos-voluntarios"],"gutentor_comment":0,"_links":{"self":[{"href":"https:\/\/www.notijalapa.net\/noticias\/wp-json\/wp\/v2\/posts\/3514","targetHints":{"allow":["GET"]}}],"collection":[{"href":"https:\/\/www.notijalapa.net\/noticias\/wp-json\/wp\/v2\/posts"}],"about":[{"href":"https:\/\/www.notijalapa.net\/noticias\/wp-json\/wp\/v2\/types\/post"}],"author":[{"embeddable":true,"href":"https:\/\/www.notijalapa.net\/noticias\/wp-json\/wp\/v2\/users\/2"}],"replies":[{"embeddable":true,"href":"https:\/\/www.notijalapa.net\/noticias\/wp-json\/wp\/v2\/comments?post=3514"}],"version-history":[{"count":3,"href":"https:\/\/www.notijalapa.net\/noticias\/wp-json\/wp\/v2\/posts\/3514\/revisions"}],"predecessor-version":[{"id":3517,"href":"https:\/\/www.notijalapa.net\/noticias\/wp-json\/wp\/v2\/posts\/3514\/revisions\/3517"}],"wp:featuredmedia":[{"embeddable":true,"href":"https:\/\/www.notijalapa.net\/noticias\/wp-json\/wp\/v2\/media\/3504"}],"wp:attachment":[{"href":"https:\/\/www.notijalapa.net\/noticias\/wp-json\/wp\/v2\/media?parent=3514"}],"wp:term":[{"taxonomy":"category","embeddable":true,"href":"https:\/\/www.notijalapa.net\/noticias\/wp-json\/wp\/v2\/categories?post=3514"},{"taxonomy":"post_tag","embeddable":true,"href":"https:\/\/www.notijalapa.net\/noticias\/wp-json\/wp\/v2\/tags?post=3514"}],"curies":[{"name":"wp","href":"https:\/\/api.w.org\/{rel}","templated":true}]}}