{"id":3454,"date":"2022-02-24T13:47:30","date_gmt":"2022-02-24T13:47:30","guid":{"rendered":"https:\/\/www.notijalapa.net\/noticias\/?p=3454"},"modified":"2022-02-24T13:57:49","modified_gmt":"2022-02-24T13:57:49","slug":"madre-e-hija-fueron-asesinadas-por-una-venganza-personal-llevaban-varios-dias-de-estar-sin-vida","status":"publish","type":"post","link":"https:\/\/www.notijalapa.net\/noticias\/2022\/02\/24\/madre-e-hija-fueron-asesinadas-por-una-venganza-personal-llevaban-varios-dias-de-estar-sin-vida\/","title":{"rendered":"Madre e hija fueron asesinadas por una venganza personal, llevaban varios d\u00edas de estar sin vida"},"content":{"rendered":"<p>La noche del pasado martes, en la aldea Loma de Enmedio, en la comunidad de Ladinos Pardos, Jalapa, en el interior de una vivienda, fueron encontrados los cuerpos de dos personas de sexo femenino, madre e hija fueron asesinadas a tiros, se podr\u00edan tratar de Natalia Arag\u00f3n Jim\u00e9nez; de 76 a\u00f1os (Madre) y Reyes Mar\u00eda Ortiz Arag\u00f3n; de 48 a\u00f1os (hija de la se\u00f1ora Natalia).<\/p>\n<p><a href=\"https:\/\/www.notijalapa.net\/noticias\/2022\/02\/24\/en-el-inicio-del-ciclo-escolar-se-compromete-a-seguir-apoyando-a-la-educacion\/\">MIRA: En el inicio del ciclo escolar se compromete a seguir apoyando a la educaci\u00f3n<\/a><\/p>\n<p>Seg\u00fan Jos\u00e9 Vasques delegado de la oficina de comunicaci\u00f3n social de PNC, estas personas fueron atacadas por sujetos desconocidos, quienes les dispararon varios proyectiles de arma de fuego. Cabe mencionar; que ya llevan algunos d\u00edas de estar fallecidas, porque los cuerpos estaban en estado de descomposici\u00f3n y ya hab\u00edan sido devorados por aves de rapi\u00f1a.<\/p>\n<p>Ya tienen una l\u00ednea de investigaci\u00f3n para dar con los presuntos responsables, aunque este ataque lo atribuyen a una venganza personal.<\/p>\n<p>Al lugar se hicieron presentes agentes de la Polic\u00eda Nacional Civil, quienes coordinaron la presencia del Auxiliar Fiscal del Ministerio P\u00fablico, quien llego acompa\u00f1ado de peritos en recolecci\u00f3n de evidencias, con el objetivo de suscribir el acta de rigor del levantamiento del cad\u00e1ver y culminar las diligencias con remitir el cuerpo a la morgue del Instituto Nacional en Ciencias Forenses (INACIF), para que les practicaran las necropsias correspondientes.<\/p>\n<p style=\"text-align: center;\"><iframe loading=\"lazy\" style=\"border: none; overflow: hidden;\" src=\"https:\/\/www.facebook.com\/plugins\/post.php?href=https%3A%2F%2Fwww.facebook.com%2Fpermalink.php%3Fstory_fbid%3D4923367784446000%26id%3D541551329294356&amp;show_text=true&amp;width=500\" width=\"500\" height=\"754\" frameborder=\"0\" scrolling=\"no\" allowfullscreen=\"allowfullscreen\"><\/iframe><\/p>\n","protected":false},"excerpt":{"rendered":"<p>La noche del pasado martes, en la aldea Loma de Enmedio, en la comunidad de Ladinos Pardos, Jalapa, en el interior de una vivienda, fueron encontrados los cuerpos de dos personas de sexo femenino, madre e hija fueron asesinadas a tiros, se podr\u00edan tratar de Natalia Arag\u00f3n Jim\u00e9nez; de 76 a\u00f1os (Madre) y Reyes Mar\u00eda Ortiz Arag\u00f3n; de 48 a\u00f1os (hija de la se\u00f1ora Natalia). MIRA: En el inicio del ciclo escolar se compromete a seguir apoyando a la educaci\u00f3n Seg\u00fan Jos\u00e9 Vasques delegado de la oficina de comunicaci\u00f3n social&hellip;<\/p>\n","protected":false},"author":1,"featured_media":3443,"comment_status":"open","ping_status":"open","sticky":false,"template":"","format":"standard","meta":{"footnotes":""},"categories":[3],"tags":[722,723],"class_list":["post-3454","post","type-post","status-publish","format-standard","has-post-thumbnail","hentry","category-locales","tag-madre-e-hija-fueron-asesinadas","tag-por-una-venganza-personal"],"gutentor_comment":0,"_links":{"self":[{"href":"https:\/\/www.notijalapa.net\/noticias\/wp-json\/wp\/v2\/posts\/3454","targetHints":{"allow":["GET"]}}],"collection":[{"href":"https:\/\/www.notijalapa.net\/noticias\/wp-json\/wp\/v2\/posts"}],"about":[{"href":"https:\/\/www.notijalapa.net\/noticias\/wp-json\/wp\/v2\/types\/post"}],"author":[{"embeddable":true,"href":"https:\/\/www.notijalapa.net\/noticias\/wp-json\/wp\/v2\/users\/1"}],"replies":[{"embeddable":true,"href":"https:\/\/www.notijalapa.net\/noticias\/wp-json\/wp\/v2\/comments?post=3454"}],"version-history":[{"count":3,"href":"https:\/\/www.notijalapa.net\/noticias\/wp-json\/wp\/v2\/posts\/3454\/revisions"}],"predecessor-version":[{"id":3457,"href":"https:\/\/www.notijalapa.net\/noticias\/wp-json\/wp\/v2\/posts\/3454\/revisions\/3457"}],"wp:featuredmedia":[{"embeddable":true,"href":"https:\/\/www.notijalapa.net\/noticias\/wp-json\/wp\/v2\/media\/3443"}],"wp:attachment":[{"href":"https:\/\/www.notijalapa.net\/noticias\/wp-json\/wp\/v2\/media?parent=3454"}],"wp:term":[{"taxonomy":"category","embeddable":true,"href":"https:\/\/www.notijalapa.net\/noticias\/wp-json\/wp\/v2\/categories?post=3454"},{"taxonomy":"post_tag","embeddable":true,"href":"https:\/\/www.notijalapa.net\/noticias\/wp-json\/wp\/v2\/tags?post=3454"}],"curies":[{"name":"wp","href":"https:\/\/api.w.org\/{rel}","templated":true}]}}