{"id":3328,"date":"2022-02-18T13:36:42","date_gmt":"2022-02-18T13:36:42","guid":{"rendered":"https:\/\/www.notijalapa.net\/noticias\/?p=3328"},"modified":"2022-02-18T14:26:19","modified_gmt":"2022-02-18T14:26:19","slug":"buscan-que-mas-de-16-mil-personas-pasen-a-renglon-011","status":"publish","type":"post","link":"https:\/\/www.notijalapa.net\/noticias\/2022\/02\/18\/buscan-que-mas-de-16-mil-personas-pasen-a-renglon-011\/","title":{"rendered":"Buscan que m\u00e1s de 16 mil personas pasen a rengl\u00f3n 011"},"content":{"rendered":"<p>El d\u00eda mi\u00e9rcoles, 9 de febrero, se realiz\u00f3 la primera asamblea en la ciudad capital, en donde participaron dirigentes de todo el pa\u00eds, en donde est\u00e1n analizando el trasladado de 16 mil trabajadores a rengl\u00f3n presupuestario 011, seg\u00fan lo dio a conocer Am\u00edlcar Alay secretario general del Sindicato Frente Nacional de Lucha.<\/p>\n<p><a href=\"https:\/\/www.notijalapa.net\/noticias\/2022\/02\/18\/no-den-dinero-a-cambio-de-plazas-en-el-ministerio-de-salud\/\">MIRA: No den dinero a cambio de plazas en el ministerio de salud<\/a><\/p>\n<p>En las reuniones que han tenido con autoridades del ministerio de salud, ya se hizo el manual de como se va a realizar el traslado de las personas, esto porque se cuenta con el presupuesto para darle tramite a las personas que tienen un contrato y que hoy puedan tener una plaza presupuestada.<\/p>\n<p><iframe loading=\"lazy\" title=\"Buscan Que M\u00e1s De 16 Mil Personas Pasen A Rengl\u00f3n 011 1\" width=\"640\" height=\"360\" src=\"https:\/\/www.youtube.com\/embed\/8cWtc4fWrhA?feature=oembed\" frameborder=\"0\" allow=\"accelerometer; autoplay; clipboard-write; encrypted-media; gyroscope; picture-in-picture; web-share\" referrerpolicy=\"strict-origin-when-cross-origin\" allowfullscreen><\/iframe><\/p>\n<p>Tienen el c\u00f3digo 90 donde ya est\u00e1n registradas estas plazas, para que cualquier persona que tenga un contrato a trav\u00e9s de las evaluaciones que se van a realizar, tengan derecho a su plaza presupuestada.<\/p>\n<p style=\"text-align: center;\"><iframe loading=\"lazy\" style=\"border: none; overflow: hidden;\" src=\"https:\/\/www.facebook.com\/plugins\/post.php?href=https%3A%2F%2Fwww.facebook.com%2Fpermalink.php%3Fstory_fbid%3D4904520886330690%26id%3D541551329294356&amp;show_text=true&amp;width=500\" width=\"500\" height=\"938\" frameborder=\"0\" scrolling=\"no\" allowfullscreen=\"allowfullscreen\"><\/iframe><\/p>\n","protected":false},"excerpt":{"rendered":"<p>El d\u00eda mi\u00e9rcoles, 9 de febrero, se realiz\u00f3 la primera asamblea en la ciudad capital, en donde participaron dirigentes de todo el pa\u00eds, en donde est\u00e1n analizando el trasladado de 16 mil trabajadores a rengl\u00f3n presupuestario 011, seg\u00fan lo dio a conocer Am\u00edlcar Alay secretario general del Sindicato Frente Nacional de Lucha. MIRA: No den dinero a cambio de plazas en el ministerio de salud En las reuniones que han tenido con autoridades del ministerio de salud, ya se hizo el manual de como se va a realizar el traslado&hellip;<\/p>\n","protected":false},"author":2,"featured_media":3317,"comment_status":"open","ping_status":"open","sticky":false,"template":"","format":"standard","meta":{"footnotes":""},"categories":[3],"tags":[687,688],"class_list":["post-3328","post","type-post","status-publish","format-standard","has-post-thumbnail","hentry","category-locales","tag-16-mil-trabajadores","tag-plaza-presupuestada"],"gutentor_comment":0,"_links":{"self":[{"href":"https:\/\/www.notijalapa.net\/noticias\/wp-json\/wp\/v2\/posts\/3328","targetHints":{"allow":["GET"]}}],"collection":[{"href":"https:\/\/www.notijalapa.net\/noticias\/wp-json\/wp\/v2\/posts"}],"about":[{"href":"https:\/\/www.notijalapa.net\/noticias\/wp-json\/wp\/v2\/types\/post"}],"author":[{"embeddable":true,"href":"https:\/\/www.notijalapa.net\/noticias\/wp-json\/wp\/v2\/users\/2"}],"replies":[{"embeddable":true,"href":"https:\/\/www.notijalapa.net\/noticias\/wp-json\/wp\/v2\/comments?post=3328"}],"version-history":[{"count":2,"href":"https:\/\/www.notijalapa.net\/noticias\/wp-json\/wp\/v2\/posts\/3328\/revisions"}],"predecessor-version":[{"id":3334,"href":"https:\/\/www.notijalapa.net\/noticias\/wp-json\/wp\/v2\/posts\/3328\/revisions\/3334"}],"wp:featuredmedia":[{"embeddable":true,"href":"https:\/\/www.notijalapa.net\/noticias\/wp-json\/wp\/v2\/media\/3317"}],"wp:attachment":[{"href":"https:\/\/www.notijalapa.net\/noticias\/wp-json\/wp\/v2\/media?parent=3328"}],"wp:term":[{"taxonomy":"category","embeddable":true,"href":"https:\/\/www.notijalapa.net\/noticias\/wp-json\/wp\/v2\/categories?post=3328"},{"taxonomy":"post_tag","embeddable":true,"href":"https:\/\/www.notijalapa.net\/noticias\/wp-json\/wp\/v2\/tags?post=3328"}],"curies":[{"name":"wp","href":"https:\/\/api.w.org\/{rel}","templated":true}]}}