{"id":32834,"date":"2026-09-05T12:59:09","date_gmt":"2026-09-05T12:59:09","guid":{"rendered":"https:\/\/www.notijalapa.net\/noticias\/?p=32834"},"modified":"2026-09-05T13:12:58","modified_gmt":"2026-09-05T13:12:58","slug":"atienda-las-recomendaciones-para-evitar-enfermedades-y-tragedias-en-las-fiestas-patrias","status":"publish","type":"post","link":"https:\/\/www.notijalapa.net\/noticias\/2026\/09\/05\/atienda-las-recomendaciones-para-evitar-enfermedades-y-tragedias-en-las-fiestas-patrias\/","title":{"rendered":"Atienda las recomendaciones para evitar enfermedades y tragedias en las fiestas patrias"},"content":{"rendered":"<p>Esta situaci\u00f3n de las altas temperaturas y alta radiaci\u00f3n solar que va continuar durante la primera fase de septiembre, los primeros 15 d\u00edas, es muy importante que estas condiciones clim\u00e1ticas nos preparen a todos los vecinos jalapanecos durante las actividades patrias que tiene desarrollado tanto MINEDUC como otras instituciones que tienen planificaci\u00f3n de los diferentes desfiles, seg\u00fan lo dio a conocer Ing. Cristian Estrada delegado de la CONRED.<\/p>\n<p><a href=\"https:\/\/www.notijalapa.net\/noticias\/2026\/09\/05\/el-gobierno-actual-se-esta-caracterizando-por-violar-la-ley-de-acceso-a-la-informacion\/\">MIRA: El gobierno actual se est\u00e1 caracterizando por violar la ley de acceso a la informaci\u00f3n<\/a><\/p>\n<p>Hace la recomendaci\u00f3n a los padres de familia que es muy importante la hidrataci\u00f3n y utilizar bloqueador durante los desfiles que se van a desarrollar, principalmente otras situaciones que muchas veces dejamos que se nos pierdan de vista nuestros ni\u00f1os, muy importante tenerlos ubicados, darles acompa\u00f1amiento inclusive si el ni\u00f1o se siente mal salirse inmediatamente y tomar las consideraciones del caso.<\/p>\n<p><iframe loading=\"lazy\" title=\"Atienda las recomendaciones para evitar enfermedades y tragedias en las fiestas patrias\" width=\"640\" height=\"360\" src=\"https:\/\/www.youtube.com\/embed\/R72atDe1V6E?feature=oembed\" frameborder=\"0\" allow=\"accelerometer; autoplay; clipboard-write; encrypted-media; gyroscope; picture-in-picture; web-share\" referrerpolicy=\"strict-origin-when-cross-origin\" allowfullscreen><\/iframe><\/p>\n<p>Tambi\u00e9n para las autoridades del nivel de educaci\u00f3n, debido a que muchas veces las altas temperaturas pueden dar golpes de calor y esto es muy t\u00edpico por las condiciones que se est\u00e1n presentando tomar consideraciones al \u00e1rea de educaci\u00f3n, principalmente los docentes.<\/p>\n<p>Tener a la vista a los alumnos, consultarles si en alg\u00fan caso se sienten mal, si se les baja la presi\u00f3n, si tienen alg\u00fan antecedente o historial cl\u00ednico que les permita identificar primero la vida de los ni\u00f1os, la seguridad de los ni\u00f1os y evitar que tengan un golpe de calor o una baja de presi\u00f3n durante el desarrollo de estas actividades patrias la prevenci\u00f3n ante todo padres de familia, docentes y otras organizaciones que se van a unir tanto a los desfiles, y siempre salvaguardar la vida de los peque\u00f1os en este sentido.<\/p>\n<p style=\"text-align: center;\"><iframe loading=\"lazy\" style=\"border: none; overflow: hidden;\" src=\"https:\/\/www.facebook.com\/plugins\/post.php?href=https%3A%2F%2Fwww.facebook.com%2Fpermalink.php%3Fstory_fbid%3Dpfbid0kMC9aXvNZEUKvno6kypx3asX1TbPszVX9ribCZEEyqFvrkL2t2URFXWALfwiLhYul%26id%3D100083158940816&amp;show_text=true&amp;width=500\" width=\"500\" height=\"525\" frameborder=\"0\" scrolling=\"no\" allowfullscreen=\"allowfullscreen\"><\/iframe><\/p>\n","protected":false},"excerpt":{"rendered":"<p>Esta situaci\u00f3n de las altas temperaturas y alta radiaci\u00f3n solar que va continuar durante la primera fase de septiembre, los primeros 15 d\u00edas, es muy importante que estas condiciones clim\u00e1ticas nos preparen a todos los vecinos jalapanecos durante las actividades patrias que tiene desarrollado tanto MINEDUC como otras instituciones que tienen planificaci\u00f3n de los diferentes desfiles, seg\u00fan lo dio a conocer Ing. Cristian Estrada delegado de la CONRED. MIRA: El gobierno actual se est\u00e1 caracterizando por violar la ley de acceso a la informaci\u00f3n Hace la recomendaci\u00f3n a los padres&hellip;<\/p>\n","protected":false},"author":2,"featured_media":32824,"comment_status":"open","ping_status":"open","sticky":false,"template":"","format":"standard","meta":{"footnotes":""},"categories":[3],"tags":[12695,12696],"class_list":["post-32834","post","type-post","status-publish","format-standard","has-post-thumbnail","hentry","category-locales","tag-atienda-las-recomendaciones-para-evitar","tag-enfermedades-y-tragedias-en-las-fiestas-patrias"],"gutentor_comment":0,"_links":{"self":[{"href":"https:\/\/www.notijalapa.net\/noticias\/wp-json\/wp\/v2\/posts\/32834","targetHints":{"allow":["GET"]}}],"collection":[{"href":"https:\/\/www.notijalapa.net\/noticias\/wp-json\/wp\/v2\/posts"}],"about":[{"href":"https:\/\/www.notijalapa.net\/noticias\/wp-json\/wp\/v2\/types\/post"}],"author":[{"embeddable":true,"href":"https:\/\/www.notijalapa.net\/noticias\/wp-json\/wp\/v2\/users\/2"}],"replies":[{"embeddable":true,"href":"https:\/\/www.notijalapa.net\/noticias\/wp-json\/wp\/v2\/comments?post=32834"}],"version-history":[{"count":3,"href":"https:\/\/www.notijalapa.net\/noticias\/wp-json\/wp\/v2\/posts\/32834\/revisions"}],"predecessor-version":[{"id":32837,"href":"https:\/\/www.notijalapa.net\/noticias\/wp-json\/wp\/v2\/posts\/32834\/revisions\/32837"}],"wp:featuredmedia":[{"embeddable":true,"href":"https:\/\/www.notijalapa.net\/noticias\/wp-json\/wp\/v2\/media\/32824"}],"wp:attachment":[{"href":"https:\/\/www.notijalapa.net\/noticias\/wp-json\/wp\/v2\/media?parent=32834"}],"wp:term":[{"taxonomy":"category","embeddable":true,"href":"https:\/\/www.notijalapa.net\/noticias\/wp-json\/wp\/v2\/categories?post=32834"},{"taxonomy":"post_tag","embeddable":true,"href":"https:\/\/www.notijalapa.net\/noticias\/wp-json\/wp\/v2\/tags?post=32834"}],"curies":[{"name":"wp","href":"https:\/\/api.w.org\/{rel}","templated":true}]}}