{"id":32828,"date":"2026-09-05T12:57:38","date_gmt":"2026-09-05T12:57:38","guid":{"rendered":"https:\/\/www.notijalapa.net\/noticias\/?p=32828"},"modified":"2026-09-05T13:17:00","modified_gmt":"2026-09-05T13:17:00","slug":"la-sequia-definitivamente-ya-afecto-la-agricultura","status":"publish","type":"post","link":"https:\/\/www.notijalapa.net\/noticias\/2026\/09\/05\/la-sequia-definitivamente-ya-afecto-la-agricultura\/","title":{"rendered":"La sequ\u00eda definitivamente ya afecto la agricultura"},"content":{"rendered":"<p>Con respecto a la can\u00edcula prolongada les han enviado fotograf\u00edas de algunos da\u00f1os en el tema de granos b\u00e1sicos, ma\u00edz en la primera etapa, y tambi\u00e9n afectaci\u00f3n en el tema del caf\u00e9, seg\u00fan lo dio a conocer Ing. Cristian Estrada delegado de la CONRED.<\/p>\n<p><a href=\"https:\/\/www.notijalapa.net\/noticias\/2026\/09\/05\/estamos-llegando-a-limites-extremos-en-la-violencia-en-jalapa\/\">MIRA: Estamos llegando a limites extremos en la violencia en Jalapa<\/a><\/p>\n<p>En un informe que el MAGA socializ\u00f3, el mapa de estr\u00e9s tanto a nivel nacional que proporcion\u00f3 el Ministerio de Agricultura, Jalapa ha sido uno de los departamentos en el cual se manifiesta m\u00e1s estr\u00e9s en las diferentes plantaciones frutales, hortalizas, granos b\u00e1sicos y otros de temporada que se cultivan en el departamento.<\/p>\n<p><iframe loading=\"lazy\" title=\"La sequ\u00eda definitivamente ya afecto la agricultura\" width=\"640\" height=\"360\" src=\"https:\/\/www.youtube.com\/embed\/ITYqZG3JzEk?feature=oembed\" frameborder=\"0\" allow=\"accelerometer; autoplay; clipboard-write; encrypted-media; gyroscope; picture-in-picture; web-share\" referrerpolicy=\"strict-origin-when-cross-origin\" allowfullscreen><\/iframe><\/p>\n<p>Este mapa lo pueden verificar en la p\u00e1gina del Ministerio de Agricultura, es bastante fuerte el panorama, el escenario que se est\u00e1 viendo, debido a la misma situaci\u00f3n, estos cultivos que son perennes, en el tema del caf\u00e9 han tomado una situaci\u00f3n biol\u00f3gica, porque ellos al no tener agua comienzan a abortar el fruto con tal de sobrevivir.<\/p>\n<p>Es una de las situaciones bastante lamentables algunos agricultores ya est\u00e1n tomando la iniciativa de implementar un sistema de riego, sin embargo, para los que no tienen la capacidad, s\u00ed va a haber bastante afectaci\u00f3n en el tema de estos cultivos.<\/p>\n<p style=\"text-align: center;\"><iframe loading=\"lazy\" style=\"border: none; overflow: hidden;\" src=\"https:\/\/www.facebook.com\/plugins\/post.php?href=https%3A%2F%2Fwww.facebook.com%2Fpermalink.php%3Fstory_fbid%3Dpfbid02p1c5fVyroRbVom3FgvEYtHr5D7FSE7Z2frcXHjpovnAyrAT5zxBaYnCHUNYKqjgVl%26id%3D100083158940816&amp;show_text=true&amp;width=500\" width=\"500\" height=\"525\" frameborder=\"0\" scrolling=\"no\" allowfullscreen=\"allowfullscreen\"><\/iframe><\/p>\n","protected":false},"excerpt":{"rendered":"<p>Con respecto a la can\u00edcula prolongada les han enviado fotograf\u00edas de algunos da\u00f1os en el tema de granos b\u00e1sicos, ma\u00edz en la primera etapa, y tambi\u00e9n afectaci\u00f3n en el tema del caf\u00e9, seg\u00fan lo dio a conocer Ing. Cristian Estrada delegado de la CONRED. MIRA: Estamos llegando a limites extremos en la violencia en Jalapa En un informe que el MAGA socializ\u00f3, el mapa de estr\u00e9s tanto a nivel nacional que proporcion\u00f3 el Ministerio de Agricultura, Jalapa ha sido uno de los departamentos en el cual se manifiesta m\u00e1s estr\u00e9s&hellip;<\/p>\n","protected":false},"author":2,"featured_media":32824,"comment_status":"open","ping_status":"open","sticky":false,"template":"","format":"standard","meta":{"footnotes":""},"categories":[3],"tags":[12689,12690],"class_list":["post-32828","post","type-post","status-publish","format-standard","has-post-thumbnail","hentry","category-locales","tag-la-sequia-definitivamente","tag-ya-afecto-la-agricultura"],"gutentor_comment":0,"_links":{"self":[{"href":"https:\/\/www.notijalapa.net\/noticias\/wp-json\/wp\/v2\/posts\/32828","targetHints":{"allow":["GET"]}}],"collection":[{"href":"https:\/\/www.notijalapa.net\/noticias\/wp-json\/wp\/v2\/posts"}],"about":[{"href":"https:\/\/www.notijalapa.net\/noticias\/wp-json\/wp\/v2\/types\/post"}],"author":[{"embeddable":true,"href":"https:\/\/www.notijalapa.net\/noticias\/wp-json\/wp\/v2\/users\/2"}],"replies":[{"embeddable":true,"href":"https:\/\/www.notijalapa.net\/noticias\/wp-json\/wp\/v2\/comments?post=32828"}],"version-history":[{"count":2,"href":"https:\/\/www.notijalapa.net\/noticias\/wp-json\/wp\/v2\/posts\/32828\/revisions"}],"predecessor-version":[{"id":32840,"href":"https:\/\/www.notijalapa.net\/noticias\/wp-json\/wp\/v2\/posts\/32828\/revisions\/32840"}],"wp:featuredmedia":[{"embeddable":true,"href":"https:\/\/www.notijalapa.net\/noticias\/wp-json\/wp\/v2\/media\/32824"}],"wp:attachment":[{"href":"https:\/\/www.notijalapa.net\/noticias\/wp-json\/wp\/v2\/media?parent=32828"}],"wp:term":[{"taxonomy":"category","embeddable":true,"href":"https:\/\/www.notijalapa.net\/noticias\/wp-json\/wp\/v2\/categories?post=32828"},{"taxonomy":"post_tag","embeddable":true,"href":"https:\/\/www.notijalapa.net\/noticias\/wp-json\/wp\/v2\/tags?post=32828"}],"curies":[{"name":"wp","href":"https:\/\/api.w.org\/{rel}","templated":true}]}}